{"id":19383,"date":"2007-10-02T12:22:20","date_gmt":"2007-10-02T12:22:20","guid":{"rendered":"https:\/\/obscom.intervozes.org.br\/wordpress\/?p=19383"},"modified":"2014-09-07T02:54:12","modified_gmt":"2014-09-07T02:54:12","slug":"bandeirantes-e-globo-tambem-tem-concessoes-irregulares-em-sp","status":"publish","type":"post","link":"https:\/\/obscom.intervozes.org.br\/?p=19383","title":{"rendered":"Bandeirantes e Globo tamb\u00e9m t\u00eam concess\u00f5es irregulares em SP"},"content":{"rendered":"<p style=\"margin: 0cm 0cm 0pt\" class=\"MsoNormal\"><span>N&atilde;o &eacute; s&oacute; a Record que faz um uso ilegal das concess&otilde;es de r&aacute;dio e TV em S&atilde;o Paulo [<a href=\"http:\/\/localhost\/intervozes_direitoacomunicacao\/wordpress\/?p=19359\">clique aqui para ler mat&eacute;ria<\/a>]. As Organiza&ccedil;&otilde;es Globo, o Grupo Bandeirantes e o Grupo CBS tamb&eacute;m mant&ecirc;m no munic&iacute;pio mais emissoras de r&aacute;dio e TV do que o permitido por lei, violando um dos &uacute;nicos mecanismos previstos na legisla&ccedil;&atilde;o brasileira para evitar a concentra&ccedil;&atilde;o dos meios de comunica&ccedil;&atilde;o.<\/p>\n<p><\/span><span>Como j&aacute; noticiou este Observat&oacute;rio [<a href=\"http:\/\/localhost\/intervozes_direitoacomunicacao\/wordpress\/?p=19193\">veja dossi&ecirc; publicado<\/a>], os grupos Bandeirantes e CBS burlam tanto o C&oacute;digo Brasileiro de Telecomunica&ccedil;&otilde;es (Lei 4.117\/62), que prev&ecirc; que a mesma pessoa n&atilde;o pode participar da administra&ccedil;&atilde;o ou da ger&ecirc;ncia de mais de uma concession&aacute;ria, permission&aacute;ria ou autorizada do mesmo tipo de servi&ccedil;o de radiodifus&atilde;o (na mesma localidade), quanto o Decreto 52.795\/63, que estabelece que a mesma entidade ou as pessoas que integram o seu quadro societ&aacute;rio e diretivo n&atilde;o podem ser contempladas com mais de uma outorga do mesmo tipo de servi&ccedil;o de radiodifus&atilde;o na mesma localidade.<\/p>\n<p><\/span><span>Em S&atilde;o Paulo, Band e CBS possuem cinco emissoras em FM transmitindo para a capital, chegando a vender publicidade casada para as diversas emissoras. O Grupo Bandeirantes controla a Band FM, a Bandeirantes (que retransmite a programa&ccedil;&atilde;o da AM), a BandNews, a Nativa e a Sul Am&eacute;rica Tr&acirc;nsito. J&aacute; o grupo CBS (Comunica&ccedil;&atilde;o Brasil Sat), dos irm&atilde;os Paulo e Jos&eacute; Masci de Abreu, controla a Kiss, a Mundial, a Tupi, a Scalla e a r&aacute;dio Terra. <\/p>\n<p><\/span><span>Embora n&atilde;o constem no site do grupo, a Apollo, a pentecostal Deus &eacute; Amor e a R&aacute;dio Atual tamb&eacute;m s&atilde;o controladas pela fam&iacute;lia Abreu. As duas primeiras t&ecirc;m Paulo Masci de Abreu entre os s&oacute;cios e como dirigente. J&aacute; a R&aacute;dio Atual tem como s&oacute;cios Jos&eacute; Masci de Abreu e mais dois familiares.<\/p>\n<p><\/span><span>As Organiza&ccedil;&otilde;es Globo tamb&eacute;m mant&ecirc;m duas emissoras AM em S&atilde;o Paulo, desrespeitando o limite de uma outorga por tipo de servi&ccedil;o por localidade. Al&eacute;m da emissora controlada pelo grupo no dial FM (CBN), a empresa da fam&iacute;lia Marinho controla, no AM, a CBN e a R&aacute;dio Globo. Tanto no AM quanto no FM a CBN ocupa as frequ&ecirc;ncias destinadas &agrave; R&aacute;dio Excelsior, cujas outorgas est&atilde;o vencidas desde 2003.<\/p>\n<p><\/span><span><strong>Televis&atilde;o<\/p>\n<p><\/strong><\/span><span>Na televis&atilde;o aberta, o Grupo Bandeirantes controla a Rede Bandeirantes, em VHF, e a Play TV (antigo Canal 21), em UHF, cujo conte&uacute;do &eacute; produzido pela empresa Gamecorp. Os sistemas da Anatel &ndash; Ag&ecirc;ncia Nacional de Telecomunica&ccedil;&otilde;es indicam que as empresas t&ecirc;m propriet&aacute;rios diferentes, mas todos pertencentes &agrave; fam&iacute;lia Saad. Os mesmos sistemas apontam o mesmo endere&ccedil;o, no bairro do Morumbi, como sede das duas empresas. Al&eacute;m disso, tanto o website quanto o departamento comercial da Bandeirantes apresentam ambas as emissoras como pertencentes ao grupo. A Rede 21 Comunica&ccedil;&otilde;es, raz&atilde;o social da Play TV, tamb&eacute;m est&aacute; com a concess&atilde;o vencida desde 2003.<\/p>\n<p><\/span><span>A duplicidade de outorga do mesmo servi&ccedil;o da Band guarda pequena diferen&ccedil;a em rela&ccedil;&atilde;o &agrave; Record\/Record News. Enquanto a Record News tem outorga original em Araraquara, interior de S&atilde;o Paulo (apesar de sua programa&ccedil;&atilde;o ser gerada na capital paulista), tanto a Band quanto a Play TV t&ecirc;m outorga de geradora em S&atilde;o Paulo.<\/p>\n<p><\/span><span>O procurador da Rep&uacute;blica de Minas Gerais e membro do grupo de comunica&ccedil;&atilde;o social do Minist&eacute;rio P&uacute;blico Federal, Fernando Martins, afirma que as irregularidades ser&atilde;o avaliadas pelo MPF e, uma vez comprovadas, ser&atilde;o tomadas as medidas cab&iacute;veis, sendo poss&iacute;vel at&eacute; ingressar com uma A&ccedil;&atilde;o Civil P&uacute;blica para cassar as concess&otilde;es. &ldquo;Precisamos garantir que o direito &agrave; comunica&ccedil;&atilde;o e os princ&iacute;pios constitucionais sejam preservados, mas ainda vamos estudar melhor a quest&atilde;o&rdquo;, disse o procurador.<\/p>\n<p><\/span><\/p>\n<p><span><\/p>\n<p style=\"margin: 0cm 0cm 0pt\" class=\"MsoNormal\"><span><strong>Outro lado<\/strong>&nbsp;<\/span><\/p>\n<p style=\"margin: 0cm 0cm 0pt\" class=\"MsoNormal\">&nbsp;<\/p>\n<p style=\"margin: 0cm 0cm 0pt\" class=\"MsoNormal\"><span>Por meio de sua assessoria de imprensa,&nbsp;a Globo afirma que&nbsp;a CBN AM e a R&aacute;dio Globo AM de S&atilde;o Paulo pertencem a diferentes titulares. Segundo a empresa, <\/span><span>o Minist&eacute;rio das Comunica&ccedil;&otilde;es autorizou a Radio Excelsior AM a usar a denomina&ccedil;&atilde;o fantasia CBN.<br \/><\/span><\/p>\n<p><\/span><\/p>\n<p style=\"margin: 0cm 0cm 0pt\" class=\"MsoNormal\"><span><br \/>Respons&aacute;vel pela fiscaliza&ccedil;&atilde;o das emissoras, o Minist&eacute;rio das Comunica&ccedil;&otilde;es n&atilde;o se manifestou. Procurado pela reda&ccedil;&atilde;o, o Grupo Bandeirantes n&atilde;o se pronunciou.<\/span><\/p>\n","protected":false},"excerpt":{"rendered":"<p>N\u00e3o \u00e9 s\u00f3 a Record, do bispo Edir Macedo, que faz um uso ilegal das concess\u00f5es de r\u00e1dio e TV em S\u00e3o Paulo. As Organiza\u00e7\u00f5es Globo, o Grupo Bandeirantes e o Grupo CBS tamb\u00e9m mant\u00eam no munic\u00edpio mais emissoras de r\u00e1dio e TV do que o permitido pela legisla\u00e7\u00e3o brasileira.<\/p>\n","protected":false},"author":1,"featured_media":0,"comment_status":"open","ping_status":"open","sticky":false,"template":"","format":"standard","meta":{"footnotes":""},"categories":[40],"tags":[322],"_links":{"self":[{"href":"https:\/\/obscom.intervozes.org.br\/index.php?rest_route=\/wp\/v2\/posts\/19383"}],"collection":[{"href":"https:\/\/obscom.intervozes.org.br\/index.php?rest_route=\/wp\/v2\/posts"}],"about":[{"href":"https:\/\/obscom.intervozes.org.br\/index.php?rest_route=\/wp\/v2\/types\/post"}],"author":[{"embeddable":true,"href":"https:\/\/obscom.intervozes.org.br\/index.php?rest_route=\/wp\/v2\/users\/1"}],"replies":[{"embeddable":true,"href":"https:\/\/obscom.intervozes.org.br\/index.php?rest_route=%2Fwp%2Fv2%2Fcomments&post=19383"}],"version-history":[{"count":2,"href":"https:\/\/obscom.intervozes.org.br\/index.php?rest_route=\/wp\/v2\/posts\/19383\/revisions"}],"predecessor-version":[{"id":27774,"href":"https:\/\/obscom.intervozes.org.br\/index.php?rest_route=\/wp\/v2\/posts\/19383\/revisions\/27774"}],"wp:attachment":[{"href":"https:\/\/obscom.intervozes.org.br\/index.php?rest_route=%2Fwp%2Fv2%2Fmedia&parent=19383"}],"wp:term":[{"taxonomy":"category","embeddable":true,"href":"https:\/\/obscom.intervozes.org.br\/index.php?rest_route=%2Fwp%2Fv2%2Fcategories&post=19383"},{"taxonomy":"post_tag","embeddable":true,"href":"https:\/\/obscom.intervozes.org.br\/index.php?rest_route=%2Fwp%2Fv2%2Ftags&post=19383"}],"curies":[{"name":"wp","href":"https:\/\/api.w.org\/{rel}","templated":true}]}}