{"id":19381,"date":"2007-10-02T11:50:15","date_gmt":"2007-10-02T11:50:15","guid":{"rendered":"https:\/\/obscom.intervozes.org.br\/wordpress\/?p=19381"},"modified":"2007-10-02T11:50:15","modified_gmt":"2007-10-02T11:50:15","slug":"globo-fez-pressao-para-lula-nao-ir-a-inauguracao-em-sao-paulo","status":"publish","type":"post","link":"https:\/\/obscom.intervozes.org.br\/?p=19381","title":{"rendered":"Globo fez press\u00e3o para Lula n\u00e3o ir \u00e0 inaugura\u00e7\u00e3o em S\u00e3o Paulo"},"content":{"rendered":"<p><span>O bispo Edir Macedo, da Igreja Universal, inaugurou nesta semana sua&nbsp; mais nova provoca&ccedil;&atilde;o &agrave; Rede Globo: a Record News. Dias antes, o vice-presidente de rela&ccedil;&otilde;es institucionais das Organiza&ccedil;&otilde;es Globo, Evandro Guimar&atilde;es, estivera em Bras&iacute;lia. Queixara-se a autoridades do governo de que, ao levar ao ar o seu canal de not&iacute;cias 24 horas, em rede de aberta, a Record passaria a operar dois canais televis&atilde;o numa <\/span><span>mesma cidade, S&atilde;o Paulo. O que seria vedado por lei.<\/span><span>&nbsp;<\/p>\n<p><\/span><span>O queixume do vice-presidente institucional da Globo aportou inclusive nos ouvidos do Ministro das Comunica&ccedil;&otilde;es, H&eacute;lio Costa, a quem cabe zelar pelo sistema de concess&otilde;es televisivas. Informou-se ao ministro que, al&eacute;m da Globo, tamb&eacute;m a Rede Bandeirantes compartilhava da reclama&ccedil;&atilde;o contra a Record.<\/span><span>&nbsp;<\/p>\n<p><\/span><span>Na noite de quinta-feira (27), tendo Lula a seu lado, Edir Macedo, alheio aos muxoxos da concorr&ecirc;ncia, acionou o bot&atilde;o que marcou o in&iacute;cio das opera&ccedil;&otilde;es da Record News. Aproveitou para espica&ccedil;ar a Globo. Disse que dar&aacute; fim ao &ldquo;monop&oacute;lio&rdquo;. Prometeu &ldquo;cutucar o f&iacute;gado&rdquo; da rival. <\/span><span>&nbsp;<\/p>\n<p><\/span><span>No dia seguinte, reuniram-se em S&atilde;o Paulo, representantes das maiores redes de TV do pa&iacute;s. Deu-se num encontro da Abert (Associa&ccedil;&atilde;o Brasileira de Emissoras de R&aacute;dio e Televis&atilde;o). Estavam em volta da mesa, entre outros, o presidente da Record, Alexandre Raposo; presidente do Conselho Editorial das Organiza&ccedil;&otilde;es Globo, Jo&atilde;o Roberto Marinho; e Evandro Guimar&atilde;es, emiss&aacute;rio da Globo aos gabinetes de Bras&iacute;lia.<\/span><span>&nbsp;<\/p>\n<p><\/span><span>Raposo fez r&aacute;pida men&ccedil;&atilde;o &agrave; inaugura&ccedil;&atilde;o da v&eacute;spera. Um sucesso, segundo suas palavras. Curiosamente, Marinho e Guimar&atilde;es n&atilde;o disseram palavra acerca das restri&ccedil;&otilde;es legais que a Globo faz ao novo empreendimento da Record.<\/span><span>&nbsp;<\/span><span>Como ainda n&atilde;o recebeu nenhuma representa&ccedil;&atilde;o formal, o Minist&eacute;rio das Comunica&ccedil;&otilde;es evita emitir posi&ccedil;&atilde;o oficial sobre as desaven&ccedil;as. Nos subterr&acirc;neos do minist&eacute;rio, por&eacute;m, diz-se que, de fato, Lula pode ter prestigiado a inaugura&ccedil;&atilde;o de uma ilegalidade.<\/span><span>&nbsp;<\/span><\/p>\n<p><span>Reza o decreto 52.795, de 1963, que uma mesma empresa n&atilde;o pode controlar duas geradoras de TV numa &uacute;nica pra&ccedil;a. A regra visa coibir a concentra&ccedil;&atilde;o de mercado. Ao transformar a TV Mulher em Record News, a empresa de Edir Macedo passou a gerir, desde S&atilde;o Paulo, sob logotipos que remetem para a mesma raz&atilde;o social, duas geradoras de TV aberta em S&atilde;o Paulo, a velha Record e a nov&iacute;ssima Record News. O problema n&atilde;o existiria se a Record News fosse transmitida em canal fechado, pago.<\/span><span>&nbsp;<\/p>\n<p><\/span><span>Mas a emissora fez da abertura das transmiss&otilde;es, oferecida gratuitamente, um de seus diferenciais em rela&ccedil;&atilde;o &agrave;s cong&ecirc;neres da concorr&ecirc;ncia: Globo News e Band News. Da&iacute; as queixas. Resta saber se as rivais da Record transformar&atilde;o as caretas exibidas entre quatro <\/span><span>paredes numa reclama&ccedil;&atilde;o formal ao Minist&eacute;rio das Comunica&ccedil;&otilde;es, que obrigaria a pasta de H&eacute;lio Costa a encomendar um parecer &agrave; sua Consultoria Jur&iacute;dica.<\/span><span>&nbsp;<\/p>\n<p><\/span><span>Para al&eacute;m dos aspectos legais, a irrita&ccedil;&atilde;o dos concorrentes da Record esconde uma inquieta&ccedil;&atilde;o de natureza comercial. Operando o seu canal de not&iacute;cias 24 horas em rede aberta, al&eacute;m de oferecer gratuitamente aos telespectadores um servi&ccedil;o pelo qual a concorr&ecirc;ncia cobra, a Record credencia-se para avan&ccedil;ar sobre o fil&atilde;o de anunciantes, hoje dividido entre Globo News e Band News.<\/span><\/p>\n","protected":false},"excerpt":{"rendered":"<p>O bispo Edir Macedo, da Igreja Universal, inaugurou nesta semana sua&nbsp; mais nova provoca&ccedil;&atilde;o &agrave; Rede Globo: a Record News. Dias antes, o vice-presidente de rela&ccedil;&otilde;es institucionais das Organiza&ccedil;&otilde;es Globo, Evandro Guimar&atilde;es, estivera em Bras&iacute;lia. Queixara-se a autoridades do governo de que, ao levar ao ar o seu canal de not&iacute;cias 24 horas, em rede &hellip; <a href=\"https:\/\/obscom.intervozes.org.br\/?p=19381\" class=\"more-link\">Continue lendo <span class=\"screen-reader-text\">Globo fez press\u00e3o para Lula n\u00e3o ir \u00e0 inaugura\u00e7\u00e3o em S\u00e3o Paulo<\/span> <span class=\"meta-nav\">&rarr;<\/span><\/a><\/p>\n","protected":false},"author":1,"featured_media":0,"comment_status":"open","ping_status":"open","sticky":false,"template":"","format":"standard","meta":{"footnotes":""},"categories":[40],"tags":[449],"_links":{"self":[{"href":"https:\/\/obscom.intervozes.org.br\/index.php?rest_route=\/wp\/v2\/posts\/19381"}],"collection":[{"href":"https:\/\/obscom.intervozes.org.br\/index.php?rest_route=\/wp\/v2\/posts"}],"about":[{"href":"https:\/\/obscom.intervozes.org.br\/index.php?rest_route=\/wp\/v2\/types\/post"}],"author":[{"embeddable":true,"href":"https:\/\/obscom.intervozes.org.br\/index.php?rest_route=\/wp\/v2\/users\/1"}],"replies":[{"embeddable":true,"href":"https:\/\/obscom.intervozes.org.br\/index.php?rest_route=%2Fwp%2Fv2%2Fcomments&post=19381"}],"version-history":[{"count":0,"href":"https:\/\/obscom.intervozes.org.br\/index.php?rest_route=\/wp\/v2\/posts\/19381\/revisions"}],"wp:attachment":[{"href":"https:\/\/obscom.intervozes.org.br\/index.php?rest_route=%2Fwp%2Fv2%2Fmedia&parent=19381"}],"wp:term":[{"taxonomy":"category","embeddable":true,"href":"https:\/\/obscom.intervozes.org.br\/index.php?rest_route=%2Fwp%2Fv2%2Fcategories&post=19381"},{"taxonomy":"post_tag","embeddable":true,"href":"https:\/\/obscom.intervozes.org.br\/index.php?rest_route=%2Fwp%2Fv2%2Ftags&post=19381"}],"curies":[{"name":"wp","href":"https:\/\/api.w.org\/{rel}","templated":true}]}}