{"id":19371,"date":"2007-10-01T14:46:02","date_gmt":"2007-10-01T14:46:02","guid":{"rendered":"https:\/\/obscom.intervozes.org.br\/wordpress\/?p=19371"},"modified":"2007-10-01T14:46:02","modified_gmt":"2007-10-01T14:46:02","slug":"transicao-pode-acabar-com-pequenas-radios-diz-parlamentar","status":"publish","type":"post","link":"https:\/\/obscom.intervozes.org.br\/?p=19371","title":{"rendered":"Transi\u00e7\u00e3o pode acabar com pequenas r\u00e1dios, diz parlamentar"},"content":{"rendered":"<p>Porto Alegre (RS) &#8211; A digitaliza&ccedil;&atilde;o pode acabar com as r&aacute;dios comunit&aacute;rias e independentes, caso o governo n&atilde;o propicie as condi&ccedil;&otilde;es m&iacute;nimas para a adequa&ccedil;&atilde;o ao novo sistema. O alerta foi dado pelo deputado federal Paulo Bornhausen (DEM-SC), coordenador da Frente Parlamentar da Radiodifus&atilde;o na C&acirc;mara dos Deputados. O parlamentar critica o pouco debate com a sociedade e a falta de clareza nas informa&ccedil;&otilde;es dadas pelo Minist&eacute;rio das Comunica&ccedil;&otilde;es. Bornhausen tamb&eacute;m denuncia que se o sistema digital n&atilde;o for bem escolhido e implementado no pa&iacute;s, as r&aacute;dios poder&atilde;o ser marginalizadas, reduzindo a diversidade de informa&ccedil;&otilde;es disponibilizadas hoje ao cidad&atilde;o. <\/p>\n<p>O motivos dessa marginaliza&ccedil;&atilde;o, explica Bornhausen, seria principalmente a quest&atilde;o econ&ocirc;mica, j&aacute; que as r&aacute;dios comunit&aacute;rias e as que n&atilde;o integram as grandes cadeias de Comunica&ccedil;&atilde;o disp&otilde;em de poucos recursos. &quot;Primeiro, porque o sistema &eacute; caro. Em segundo, precisa-se saber de que forma ir&aacute; ser feita essa transi&ccedil;&atilde;o. E, depois, que condi&ccedil;&otilde;es ser&atilde;o dadas, principalmente para as pequenas r&aacute;dios, que s&atilde;o as que est&atilde;o &agrave; margem desse processo. Porque os grandes grupos de comunica&ccedil;&atilde;o do Brasil t&ecirc;m dinheiro, tem condi&ccedil;&otilde;es de atender &agrave;s quest&otilde;es banc&aacute;rias, financiar os seus equipamentos. E as pequenas r&aacute;dios, at&eacute; agora, visto que a digitaliza&ccedil;&atilde;o pode custar US$ 150 mil, o que acontece &eacute; que s&atilde;o poucas as r&aacute;dios do pa&iacute;s que t&ecirc;m condi&ccedil;&otilde;es de dispor desses recursos sem ter que buscar empr&eacute;stimos&quot;, afirma. <\/p>\n<p>O deputado tamb&eacute;m reclama da falta de prioridade dada pelo governo federal ao tema da digitaliza&ccedil;&atilde;o das r&aacute;dios. Ele relata que o debate sobre o novo sistema de televis&atilde;o j&aacute; est&aacute; bem adiantado, j&aacute; que as grandes emissoras est&atilde;o pressionando para que o padr&atilde;o seja escolhido e rapidamente implementado. Bornhausen teme que a demora e a falta de discuss&atilde;o com a sociedade sobre a digitaliza&ccedil;&atilde;o do r&aacute;dio possam fazer com que seja aprovado um padr&atilde;o longe da realidade das emissoras no pa&iacute;s. <\/p>\n<p>&quot;Mas agora precisamos da defini&ccedil;&atilde;o, da tecnologia, porque v&aacute;rias r&aacute;dios v&atilde;o come&ccedil;ar a entrar em opera&ccedil;&atilde;o, como j&aacute; est&atilde;o hoje em opera&ccedil;&atilde;o experimental, mas j&aacute; usam essa tecnologia, e vai ser invi&aacute;vel n&atilde;o fazer rapidamente a universaliza&ccedil;&atilde;o da digitaliza&ccedil;&atilde;o&quot; diz. <\/p>\n<p>A Frente Parlamentar da Radiodifus&atilde;o da C&acirc;mara ir&aacute; promover debates sobre a digitaliza&ccedil;&atilde;o do r&aacute;dio. O governo federal ainda n&atilde;o definiu o padr&atilde;o a ser utilizado, mas Bornhausen avalia que o mais cotado para AM e FM &eacute; o sistema dos Estados Unidos, que permite &agrave; emissora utilizar o mesmo canal em que j&aacute; trabalha. No caso das ondas curtas, o sistema mais prop&iacute;cio &eacute; o europeu. Para o deputado, a digitaliza&ccedil;&atilde;o deve facilitar o setor de Comunica&ccedil;&otilde;es. <\/p>\n<p>&quot;Hoje, o sistema de informa&ccedil;&otilde;es &eacute; muito bem coberto pela radiodifus&atilde;o nacional. S&oacute; que &agrave; medida que voc&ecirc; cria um padr&atilde;o comercial diferente, um padr&atilde;o de qualidade, se n&atilde;o der condi&ccedil;&otilde;es para que todos possam se digitalizar, vamos assistir a&iacute; a uma diminui&ccedil;&atilde;o no n&uacute;mero de r&aacute;dios no Brasil, na comunica&ccedil;&atilde;o, e quem ir&aacute; ficar descoberto ser&aacute; certamente as pessoas que vivem no interior do pa&iacute;s&quot;, afirma <\/p>\n","protected":false},"excerpt":{"rendered":"<p>Porto Alegre (RS) &#8211; A digitaliza&ccedil;&atilde;o pode acabar com as r&aacute;dios comunit&aacute;rias e independentes, caso o governo n&atilde;o propicie as condi&ccedil;&otilde;es m&iacute;nimas para a adequa&ccedil;&atilde;o ao novo sistema. O alerta foi dado pelo deputado federal Paulo Bornhausen (DEM-SC), coordenador da Frente Parlamentar da Radiodifus&atilde;o na C&acirc;mara dos Deputados. O parlamentar critica o pouco debate com &hellip; <a href=\"https:\/\/obscom.intervozes.org.br\/?p=19371\" class=\"more-link\">Continue lendo <span class=\"screen-reader-text\">Transi\u00e7\u00e3o pode acabar com pequenas r\u00e1dios, diz parlamentar<\/span> <span class=\"meta-nav\">&rarr;<\/span><\/a><\/p>\n","protected":false},"author":1,"featured_media":0,"comment_status":"open","ping_status":"open","sticky":false,"template":"","format":"standard","meta":{"footnotes":""},"categories":[40],"tags":[236],"_links":{"self":[{"href":"https:\/\/obscom.intervozes.org.br\/index.php?rest_route=\/wp\/v2\/posts\/19371"}],"collection":[{"href":"https:\/\/obscom.intervozes.org.br\/index.php?rest_route=\/wp\/v2\/posts"}],"about":[{"href":"https:\/\/obscom.intervozes.org.br\/index.php?rest_route=\/wp\/v2\/types\/post"}],"author":[{"embeddable":true,"href":"https:\/\/obscom.intervozes.org.br\/index.php?rest_route=\/wp\/v2\/users\/1"}],"replies":[{"embeddable":true,"href":"https:\/\/obscom.intervozes.org.br\/index.php?rest_route=%2Fwp%2Fv2%2Fcomments&post=19371"}],"version-history":[{"count":0,"href":"https:\/\/obscom.intervozes.org.br\/index.php?rest_route=\/wp\/v2\/posts\/19371\/revisions"}],"wp:attachment":[{"href":"https:\/\/obscom.intervozes.org.br\/index.php?rest_route=%2Fwp%2Fv2%2Fmedia&parent=19371"}],"wp:term":[{"taxonomy":"category","embeddable":true,"href":"https:\/\/obscom.intervozes.org.br\/index.php?rest_route=%2Fwp%2Fv2%2Fcategories&post=19371"},{"taxonomy":"post_tag","embeddable":true,"href":"https:\/\/obscom.intervozes.org.br\/index.php?rest_route=%2Fwp%2Fv2%2Ftags&post=19371"}],"curies":[{"name":"wp","href":"https:\/\/api.w.org\/{rel}","templated":true}]}}