{"id":19365,"date":"2007-10-01T14:13:30","date_gmt":"2007-10-01T14:13:30","guid":{"rendered":"https:\/\/obscom.intervozes.org.br\/wordpress\/?p=19365"},"modified":"2007-10-01T14:13:30","modified_gmt":"2007-10-01T14:13:30","slug":"mp-que-cria-empresa-publica-de-comunicacao-deve-ser-editada-na-terca-feira","status":"publish","type":"post","link":"https:\/\/obscom.intervozes.org.br\/?p=19365","title":{"rendered":"MP que cria empresa p\u00fablica de comunica\u00e7\u00e3o deve ser editada na ter\u00e7a-feira"},"content":{"rendered":"<p>A medida provis&oacute;ria (MP) que cria a Empresa Brasil de Comunica&ccedil;&atilde;o dever&aacute; ser editada na ter&ccedil;a-feira (2). A informa&ccedil;&atilde;o &eacute; do assessor especial da Secretaria de Comunica&ccedil;&atilde;o Social da Presid&ecirc;ncia da Rep&uacute;blica Eduardo Castro, que confirma a jornalista Tereza Cruvinel como diretora-executiva. <\/p>\n<p>As informa&ccedil;&otilde;es s&atilde;o da Ag&ecirc;ncia Brasil.<\/p>\n","protected":false},"excerpt":{"rendered":"<p>A medida provis&oacute;ria (MP) que cria a Empresa Brasil de Comunica&ccedil;&atilde;o dever&aacute; ser editada na ter&ccedil;a-feira (2). A informa&ccedil;&atilde;o &eacute; do assessor especial da Secretaria de Comunica&ccedil;&atilde;o Social da Presid&ecirc;ncia da Rep&uacute;blica Eduardo Castro, que confirma a jornalista Tereza Cruvinel como diretora-executiva. As informa&ccedil;&otilde;es s&atilde;o da Ag&ecirc;ncia Brasil.<\/p>\n","protected":false},"author":1,"featured_media":0,"comment_status":"open","ping_status":"open","sticky":false,"template":"","format":"standard","meta":{"footnotes":""},"categories":[39],"tags":[],"_links":{"self":[{"href":"https:\/\/obscom.intervozes.org.br\/index.php?rest_route=\/wp\/v2\/posts\/19365"}],"collection":[{"href":"https:\/\/obscom.intervozes.org.br\/index.php?rest_route=\/wp\/v2\/posts"}],"about":[{"href":"https:\/\/obscom.intervozes.org.br\/index.php?rest_route=\/wp\/v2\/types\/post"}],"author":[{"embeddable":true,"href":"https:\/\/obscom.intervozes.org.br\/index.php?rest_route=\/wp\/v2\/users\/1"}],"replies":[{"embeddable":true,"href":"https:\/\/obscom.intervozes.org.br\/index.php?rest_route=%2Fwp%2Fv2%2Fcomments&post=19365"}],"version-history":[{"count":0,"href":"https:\/\/obscom.intervozes.org.br\/index.php?rest_route=\/wp\/v2\/posts\/19365\/revisions"}],"wp:attachment":[{"href":"https:\/\/obscom.intervozes.org.br\/index.php?rest_route=%2Fwp%2Fv2%2Fmedia&parent=19365"}],"wp:term":[{"taxonomy":"category","embeddable":true,"href":"https:\/\/obscom.intervozes.org.br\/index.php?rest_route=%2Fwp%2Fv2%2Fcategories&post=19365"},{"taxonomy":"post_tag","embeddable":true,"href":"https:\/\/obscom.intervozes.org.br\/index.php?rest_route=%2Fwp%2Fv2%2Ftags&post=19365"}],"curies":[{"name":"wp","href":"https:\/\/api.w.org\/{rel}","templated":true}]}}