{"id":19358,"date":"2007-09-28T19:46:38","date_gmt":"2007-09-28T19:46:38","guid":{"rendered":"https:\/\/obscom.intervozes.org.br\/wordpress\/?p=19358"},"modified":"2007-09-28T19:46:38","modified_gmt":"2007-09-28T19:46:38","slug":"livro-analisa-relacao-das-tvs-comunitarias-com-a-participacao-cidada","status":"publish","type":"post","link":"https:\/\/obscom.intervozes.org.br\/?p=19358","title":{"rendered":"Livro analisa rela\u00e7\u00e3o das TVs comunit\u00e1rias com a participa\u00e7\u00e3o cidad\u00e3"},"content":{"rendered":"<p style=\"margin: 0cm 0cm 0pt\" class=\"MsoNormal\"><span>Resgatar experi&ecirc;ncias pioneiras de televis&atilde;o comunit&aacute;ria no Brasil desde as que se configuraram como TVs de Rua, exibidas em tel&otilde;es e em pra&ccedil;as p&uacute;blicas, at&eacute; os novos modos de fazer TV, os canais comunit&aacute;rios na TV a cabo. Esta &eacute; a proposta do livro TV Comunit&aacute;ria: dimens&atilde;o p&uacute;blica e participa&ccedil;&atilde;o cidad&atilde; na m&iacute;dia local, que a pesquisadora Cicilia Peruzzo lan&ccedil;a no pr&oacute;ximo dia 3 de outubro.<\/p>\n<p>Na obra,&nbsp;a<\/span><span> autora explora a&nbsp;participa&ccedil;&atilde;o social na programa&ccedil;&atilde;o e na gest&atilde;o dos canais comunit&aacute;rios e mostra como a televis&atilde;o comunit&aacute;ria se estrutura, al&eacute;m de identific&aacute;-la como um novo formato de meio de comunica&ccedil;&atilde;o p&uacute;blico. Para Cicilia, a TV comunit&aacute;ria se diferencia dos modelos tradicionais de televis&atilde;o &#8211; comercial e p&uacute;blico-estatal &ndash; caracterizando-se como um lugar de acesso comunit&aacute;rio e que, conseq&uuml;entemente, partilha do poder de informar, educar e divertir a partir fontes e conte&uacute;dos n&atilde;o priorizados pela grande m&iacute;dia.&nbsp;<\/p>\n<p><\/span><span>Cicilia Peruzzo &eacute; doutora em Ci&ecirc;ncias da Comunica&ccedil;&atilde;o pela Universidade de S&atilde;o Paulo em 1991 e atualmente &eacute; professora titular da Universidade Metodista de S&atilde;o Paulo. <\/p>\n<p><\/span><strong><span>Servi&ccedil;o<\/span><span>:<br \/><\/span><\/strong><span>TV Comunit&aacute;ria: dimens&atilde;o p&uacute;blica e participa&ccedil;&atilde;o cidad&atilde; na m&iacute;dia local<br \/><\/span><span>Dia: 3 de outubro a partir das 19 horas<br \/><\/span><span>Local: Livraria Martins Fontes Paulista<br \/><\/span><span>Av. Paulista, 509, loja 17 &#8211; telefone: 3266 4603<\/span><\/p>\n<p style=\"margin: 0cm 0cm 0pt\" class=\"MsoNormal\"><span>S&atilde;o Paulo, SP<\/span><\/p>\n","protected":false},"excerpt":{"rendered":"<p>Resgatar experi&ecirc;ncias pioneiras de televis&atilde;o comunit&aacute;ria no Brasil desde as que se configuraram como TVs de Rua, exibidas em tel&otilde;es e em pra&ccedil;as p&uacute;blicas, at&eacute; os novos modos de fazer TV, os canais comunit&aacute;rios na TV a cabo. Esta &eacute; a proposta do livro TV Comunit&aacute;ria: dimens&atilde;o p&uacute;blica e participa&ccedil;&atilde;o cidad&atilde; na m&iacute;dia local, que &hellip; <a href=\"https:\/\/obscom.intervozes.org.br\/?p=19358\" class=\"more-link\">Continue lendo <span class=\"screen-reader-text\">Livro analisa rela\u00e7\u00e3o das TVs comunit\u00e1rias com a participa\u00e7\u00e3o cidad\u00e3<\/span> <span class=\"meta-nav\">&rarr;<\/span><\/a><\/p>\n","protected":false},"author":1,"featured_media":0,"comment_status":"open","ping_status":"open","sticky":false,"template":"","format":"standard","meta":{"footnotes":""},"categories":[39],"tags":[],"_links":{"self":[{"href":"https:\/\/obscom.intervozes.org.br\/index.php?rest_route=\/wp\/v2\/posts\/19358"}],"collection":[{"href":"https:\/\/obscom.intervozes.org.br\/index.php?rest_route=\/wp\/v2\/posts"}],"about":[{"href":"https:\/\/obscom.intervozes.org.br\/index.php?rest_route=\/wp\/v2\/types\/post"}],"author":[{"embeddable":true,"href":"https:\/\/obscom.intervozes.org.br\/index.php?rest_route=\/wp\/v2\/users\/1"}],"replies":[{"embeddable":true,"href":"https:\/\/obscom.intervozes.org.br\/index.php?rest_route=%2Fwp%2Fv2%2Fcomments&post=19358"}],"version-history":[{"count":0,"href":"https:\/\/obscom.intervozes.org.br\/index.php?rest_route=\/wp\/v2\/posts\/19358\/revisions"}],"wp:attachment":[{"href":"https:\/\/obscom.intervozes.org.br\/index.php?rest_route=%2Fwp%2Fv2%2Fmedia&parent=19358"}],"wp:term":[{"taxonomy":"category","embeddable":true,"href":"https:\/\/obscom.intervozes.org.br\/index.php?rest_route=%2Fwp%2Fv2%2Fcategories&post=19358"},{"taxonomy":"post_tag","embeddable":true,"href":"https:\/\/obscom.intervozes.org.br\/index.php?rest_route=%2Fwp%2Fv2%2Ftags&post=19358"}],"curies":[{"name":"wp","href":"https:\/\/api.w.org\/{rel}","templated":true}]}}