{"id":19355,"date":"2007-09-28T13:06:20","date_gmt":"2007-09-28T13:06:20","guid":{"rendered":"https:\/\/obscom.intervozes.org.br\/wordpress\/?p=19355"},"modified":"2007-09-28T13:06:20","modified_gmt":"2007-09-28T13:06:20","slug":"governo-inicia-renovacao-das-concessoes-das-principais-emissoras-de-tv","status":"publish","type":"post","link":"https:\/\/obscom.intervozes.org.br\/?p=19355","title":{"rendered":"Governo inicia renova\u00e7\u00e3o das concess\u00f5es das principais emissoras de TV"},"content":{"rendered":"<p>Apesar da movimenta&ccedil;&atilde;o de entidades que atuam no campo das comunica&ccedil;&otilde;es, o governo federal j&aacute; iniciou o processo de renova&ccedil;&atilde;o das concess&otilde;es que vencem no dia 5 &#8211; as da Globo em S&atilde;o Paulo, Rio, Bras&iacute;lia, Belo Horizonte e Recife, as da Band, Record, Gazeta e Cultura em S&atilde;o Paulo e mais dez TVs importantes. <\/p>\n<p>Segundo a secret&aacute;ria nacional de Comunica&ccedil;&atilde;o Eletr&ocirc;nica, Beatriz Silva de Campos Abreu, todas as emissoras j&aacute; pediram a renova&ccedil;&atilde;o, e a Anatel est&aacute; atualmente vistoriando as instala&ccedil;&otilde;es, enquanto o Minist&eacute;rio das Comunica&ccedil;&otilde;es checa as certid&otilde;es apresentadas. <\/p>\n<p>O pr&oacute;ximo passo ser&aacute; a elabora&ccedil;&atilde;o de um &quot;informe&quot; da secretaria para a consultoria jur&iacute;dica do minist&eacute;rio. A consultoria far&aacute; um parecer e emitir&aacute; minuta de decreto presidencial, com exposi&ccedil;&atilde;o de motivos.&nbsp;<\/p>\n<p>As informa&ccedil;&otilde;es s&atilde;o de Daniel Castro, da Folha de S. Paulo.<\/p>\n","protected":false},"excerpt":{"rendered":"<p>Apesar da movimenta&ccedil;&atilde;o de entidades que atuam no campo das comunica&ccedil;&otilde;es, o governo federal j&aacute; iniciou o processo de renova&ccedil;&atilde;o das concess&otilde;es que vencem no dia 5 &#8211; as da Globo em S&atilde;o Paulo, Rio, Bras&iacute;lia, Belo Horizonte e Recife, as da Band, Record, Gazeta e Cultura em S&atilde;o Paulo e mais dez TVs importantes. &hellip; <a href=\"https:\/\/obscom.intervozes.org.br\/?p=19355\" class=\"more-link\">Continue lendo <span class=\"screen-reader-text\">Governo inicia renova\u00e7\u00e3o das concess\u00f5es das principais emissoras de TV<\/span> <span class=\"meta-nav\">&rarr;<\/span><\/a><\/p>\n","protected":false},"author":1,"featured_media":0,"comment_status":"open","ping_status":"open","sticky":false,"template":"","format":"standard","meta":{"footnotes":""},"categories":[39],"tags":[],"_links":{"self":[{"href":"https:\/\/obscom.intervozes.org.br\/index.php?rest_route=\/wp\/v2\/posts\/19355"}],"collection":[{"href":"https:\/\/obscom.intervozes.org.br\/index.php?rest_route=\/wp\/v2\/posts"}],"about":[{"href":"https:\/\/obscom.intervozes.org.br\/index.php?rest_route=\/wp\/v2\/types\/post"}],"author":[{"embeddable":true,"href":"https:\/\/obscom.intervozes.org.br\/index.php?rest_route=\/wp\/v2\/users\/1"}],"replies":[{"embeddable":true,"href":"https:\/\/obscom.intervozes.org.br\/index.php?rest_route=%2Fwp%2Fv2%2Fcomments&post=19355"}],"version-history":[{"count":0,"href":"https:\/\/obscom.intervozes.org.br\/index.php?rest_route=\/wp\/v2\/posts\/19355\/revisions"}],"wp:attachment":[{"href":"https:\/\/obscom.intervozes.org.br\/index.php?rest_route=%2Fwp%2Fv2%2Fmedia&parent=19355"}],"wp:term":[{"taxonomy":"category","embeddable":true,"href":"https:\/\/obscom.intervozes.org.br\/index.php?rest_route=%2Fwp%2Fv2%2Fcategories&post=19355"},{"taxonomy":"post_tag","embeddable":true,"href":"https:\/\/obscom.intervozes.org.br\/index.php?rest_route=%2Fwp%2Fv2%2Ftags&post=19355"}],"curies":[{"name":"wp","href":"https:\/\/api.w.org\/{rel}","templated":true}]}}