{"id":19353,"date":"2007-09-28T12:21:12","date_gmt":"2007-09-28T12:21:12","guid":{"rendered":"https:\/\/obscom.intervozes.org.br\/wordpress\/?p=19353"},"modified":"2007-09-28T12:21:12","modified_gmt":"2007-09-28T12:21:12","slug":"em-inauguracao-da-record-news-lula-defende-democratizacao-edir-macedo-ataca-globo","status":"publish","type":"post","link":"https:\/\/obscom.intervozes.org.br\/?p=19353","title":{"rendered":"Em inaugura\u00e7\u00e3o da Record News, Lula defende &#8216;democratiza\u00e7\u00e3o&#8217;; Edir Macedo ataca Globo"},"content":{"rendered":"<p><span>Na inaugura&ccedil;&atilde;o da Record News, ocorrida em S&atilde;o Paulo na &uacute;ltima quinta-feira,&nbsp;o presidente Luiz In&aacute;cio Lula da Silva defendeu a democratiza&ccedil;&atilde;o do acesso &agrave; comunica&ccedil;&atilde;o. &#39;Estou certo que todos os envolvidos na cria&ccedil;&atilde;o da Record News t&ecirc;m compet&ecirc;ncia e dedica&ccedil;&atilde;o para trabalhar em prol do avan&ccedil;o e maior democratiza&ccedil;&atilde;o da comunica&ccedil;&atilde;o no Brasil&#39;, disse.<\/p>\n<p><\/span><span>Lula tamb&eacute;m pediu para a nova emissora levar um jornalismo independente e pluralista para a popula&ccedil;&atilde;o. &#39;E para refletir em sua programa&ccedil;&atilde;o jornal&iacute;stica toda a pluralidade dos pontos de vista e ideais presentes em nossa na&ccedil;&atilde;o.&#39; <\/p>\n<p><\/span><span>Apresentado apenas como empres&aacute;rio, o fundador da Igreja Universal do Reino de Deus (Iurd), Edir Macedo, fazem cr&iacute;ticas ao &ldquo;monop&oacute;lio&rdquo; da Rede Globo. Em um discurso breve, mas ir&ocirc;nico, o bispo Macedo desfiou indiretas &agrave; emissora concorrente. &ldquo;Fomos injusti&ccedil;ados por um grupo de comunica&ccedil;&atilde;o que mant&eacute;m o monop&oacute;lio da informa&ccedil;&atilde;o&rdquo;, afirmou. &ldquo;Da&iacute; surgiu o nosso desejo de levar o fim desse monop&oacute;lio e dar &agrave;s pessoas o direito de se informarem por um outro canal de not&iacute;cia e formarem opini&atilde;o por si mesmas.&rdquo; <\/p>\n<p><\/span><span>Exaltando a import&acirc;ncia da &ldquo;democratiza&ccedil;&atilde;o da informa&ccedil;&atilde;o&rdquo;, Macedo fez quest&atilde;o de ressaltar que um dos motivos de orgulho para a nova emissora &eacute; o fato de que oferecer&aacute; com o novo canal informa&ccedil;&atilde;o &ldquo;de gra&ccedil;a&rdquo; aos brasileiros 24 horas por dia, um feito in&eacute;dito no Pa&iacute;s. <\/span><\/p>\n","protected":false},"excerpt":{"rendered":"<p>Na inaugura&ccedil;&atilde;o da Record News, ocorrida em S&atilde;o Paulo na &uacute;ltima quinta-feira,&nbsp;o presidente Luiz In&aacute;cio Lula da Silva defendeu a democratiza&ccedil;&atilde;o do acesso &agrave; comunica&ccedil;&atilde;o. &#39;Estou certo que todos os envolvidos na cria&ccedil;&atilde;o da Record News t&ecirc;m compet&ecirc;ncia e dedica&ccedil;&atilde;o para trabalhar em prol do avan&ccedil;o e maior democratiza&ccedil;&atilde;o da comunica&ccedil;&atilde;o no Brasil&#39;, disse. Lula &hellip; <a href=\"https:\/\/obscom.intervozes.org.br\/?p=19353\" class=\"more-link\">Continue lendo <span class=\"screen-reader-text\">Em inaugura\u00e7\u00e3o da Record News, Lula defende &#8216;democratiza\u00e7\u00e3o&#8217;; Edir Macedo ataca Globo<\/span> <span class=\"meta-nav\">&rarr;<\/span><\/a><\/p>\n","protected":false},"author":1,"featured_media":0,"comment_status":"open","ping_status":"open","sticky":false,"template":"","format":"standard","meta":{"footnotes":""},"categories":[39],"tags":[],"_links":{"self":[{"href":"https:\/\/obscom.intervozes.org.br\/index.php?rest_route=\/wp\/v2\/posts\/19353"}],"collection":[{"href":"https:\/\/obscom.intervozes.org.br\/index.php?rest_route=\/wp\/v2\/posts"}],"about":[{"href":"https:\/\/obscom.intervozes.org.br\/index.php?rest_route=\/wp\/v2\/types\/post"}],"author":[{"embeddable":true,"href":"https:\/\/obscom.intervozes.org.br\/index.php?rest_route=\/wp\/v2\/users\/1"}],"replies":[{"embeddable":true,"href":"https:\/\/obscom.intervozes.org.br\/index.php?rest_route=%2Fwp%2Fv2%2Fcomments&post=19353"}],"version-history":[{"count":0,"href":"https:\/\/obscom.intervozes.org.br\/index.php?rest_route=\/wp\/v2\/posts\/19353\/revisions"}],"wp:attachment":[{"href":"https:\/\/obscom.intervozes.org.br\/index.php?rest_route=%2Fwp%2Fv2%2Fmedia&parent=19353"}],"wp:term":[{"taxonomy":"category","embeddable":true,"href":"https:\/\/obscom.intervozes.org.br\/index.php?rest_route=%2Fwp%2Fv2%2Fcategories&post=19353"},{"taxonomy":"post_tag","embeddable":true,"href":"https:\/\/obscom.intervozes.org.br\/index.php?rest_route=%2Fwp%2Fv2%2Ftags&post=19353"}],"curies":[{"name":"wp","href":"https:\/\/api.w.org\/{rel}","templated":true}]}}