{"id":19348,"date":"2007-09-27T21:43:45","date_gmt":"2007-09-27T21:43:45","guid":{"rendered":"https:\/\/obscom.intervozes.org.br\/wordpress\/?p=19348"},"modified":"2007-09-27T21:43:45","modified_gmt":"2007-09-27T21:43:45","slug":"substitutivo-de-bittar-mantera-restricao-ao-capital-estrangeiro","status":"publish","type":"post","link":"https:\/\/obscom.intervozes.org.br\/?p=19348","title":{"rendered":"Substitutivo de Bittar manter\u00e1 restri\u00e7\u00e3o ao capital estrangeiro"},"content":{"rendered":"<p>O deputado Jorge Bittar (PT\/RJ) prop&ocirc;s nesta quinta-feira, 27, o fim da limita&ccedil;&atilde;o ao capital estrangeiro nas empresas que distribuem conte&uacute;do no Brasil, abrindo a possibilidade de entrada das teles neste mercado. A id&eacute;ia constar&aacute; no substitutivo que o parlamentar apresentar&aacute; sobre os quatro projetos de lei sobre produ&ccedil;&atilde;o, distribui&ccedil;&atilde;o e comercializa&ccedil;&atilde;o de conte&uacute;do na TV por assinatura. Para isso, ser&aacute; revogada a Lei do Cabo &ndash; e suprimidas as refer&ecirc;ncias presentes na Lei Geral de Telecomunica&ccedil;&otilde;es (LGT) sobre o tema &ndash; e alterados os contratos do STFC (telefonia fixa comutada) em vigor. Por&eacute;m, a entrada plena das teles no mercado de conte&uacute;do p&aacute;ra por a&iacute;.<\/p>\n<p>Na pr&eacute;via do substitutivo apresentada pelo deputado, ser&aacute; mantida a restri&ccedil;&atilde;o ao capital estrangeiro no segmento de empacotamento dos conte&uacute;dos, ou seja, nas operadoras de TV por assinatura. Tamb&eacute;m ser&aacute; exigido que a gest&atilde;o das empresas respons&aacute;veis pela programa&ccedil;&atilde;o e empacotamento dos canais seja feita por brasileiros natos ou naturalizados h&aacute; mais de dez anos.<\/p>\n<p>Sendo assim, no caso da compra da TVA pela Telef&ocirc;nica, aprovada h&aacute; poucos meses pela Anatel, a concession&aacute;ria de STFC n&atilde;o poder&aacute; gerir diretamente a nova operadora de TV por assinatura por meio da maioria em seu conselho de administra&ccedil;&atilde;o pelas novas regras, caso a proposta de Bittar seja aprovada. &ldquo;Claro que ela poder&aacute; participar do conselho de administra&ccedil;&atilde;o, mas ter&aacute; que ser com uma participa&ccedil;&atilde;o minorit&aacute;ria&rdquo;, refor&ccedil;ou o deputado.<\/p>\n<p>O futuro relator dos projetos justificou sua decis&atilde;o de manter a restri&ccedil;&atilde;o ao capital e a gest&atilde;o nacional alegando que &eacute; importante refor&ccedil;ar a presen&ccedil;a de brasileiros nas decis&otilde;es da TV por assinatura. &ldquo;Eu estou transferindo essa responsabilidade para as &aacute;reas mais nobres. Eu quero que os brasileiros estejam &agrave; frente dessa quest&atilde;o&rdquo;, argumentou.<\/p>\n<p><strong>Desverticaliza&ccedil;&atilde;o<br \/><\/strong><br \/>Na proposta de substitutivo, o setor de conte&uacute;do ser&aacute; composto de quatro partes: produ&ccedil;&atilde;o, programa&ccedil;&atilde;o, empacotamento e distribui&ccedil;&atilde;o. Apenas as &aacute;reas de produ&ccedil;&atilde;o e distribui&ccedil;&atilde;o s&atilde;o livres para a aplica&ccedil;&atilde;o plena de capital estrangeiro e sem restri&ccedil;&otilde;es &agrave; gest&atilde;o. Os grupos de telecomunica&ccedil;&otilde;es e radiodifus&atilde;o t&ecirc;m liberdade de entrada em todos os quatro setores, ficando &agrave; merc&ecirc;, por&eacute;m, do limite de capital no caso do empacotamento. A imposi&ccedil;&atilde;o &agrave; gest&atilde;o por brasileiros est&aacute; prevista para os ramos de programa&ccedil;&atilde;o e empacotamento.<\/p>\n<p>Para Bittar, esse novo desenho poder&aacute; estimular o crescimento do mercado de TV por assinatura, ainda limitado a 8% da popula&ccedil;&atilde;o brasileira. &ldquo;A id&eacute;ia &eacute; que, em um ambiente de crescimento do mercado de TV por assinatura, possam todos ganhar&rdquo;, resumiu ele.<\/p>\n<p><strong>Novo servi&ccedil;o<\/p>\n<p><\/strong>Para facilitar a entrada das teles e padronizar o servi&ccedil;o, Bittar prop&otilde;e que sejam unificadas as quatro licen&ccedil;as existentes hoje para a opera&ccedil;&atilde;o de TV paga. Dessa forma, as concess&otilde;es de Servi&ccedil;o de Televis&atilde;o a Cabo e de Servi&ccedil;o de TV por Assinatura, assim como as autoriza&ccedil;&otilde;es para Servi&ccedil;o de MMDS e Servi&ccedil;o de DTH ser&atilde;o fundidas em uma &uacute;nica autoriza&ccedil;&atilde;o. O nome proposto para o novo licenciamento &eacute; Servi&ccedil;o de Acesso Condicionado, que ser&aacute; qualificado como um servi&ccedil;o de telecomunica&ccedil;&otilde;es em regime privado.<\/p>\n<p><strong>Futuro<br \/><\/strong><br \/>Com a proposta, o deputado acredita que &eacute; poss&iacute;vel criar um ambiente mais favor&aacute;vel a um licenciamento unificado para todos os servi&ccedil;os, de modo que as autoriza&ccedil;&otilde;es sejam condizentes ao mercado convergente que est&aacute; surgindo no mundo. &ldquo;O sentido &eacute; ter um marco regulat&oacute;rio convergente que caminhe para a licen&ccedil;a &uacute;nica.&rdquo; Ficar&aacute; &agrave; cargo da Anatel definir como ser&aacute; feita essa transi&ccedil;&atilde;o das quatro licen&ccedil;as para o Servi&ccedil;o de Acesso Condicionado, segundo os planos de Bittar. Mas o deputado afirmou que n&atilde;o h&aacute; inten&ccedil;&atilde;o de &ldquo;rasgar os contratos vigentes&rdquo;. <\/p>\n","protected":false},"excerpt":{"rendered":"<p>O deputado Jorge Bittar (PT\/RJ) prop&ocirc;s nesta quinta-feira, 27, o fim da limita&ccedil;&atilde;o ao capital estrangeiro nas empresas que distribuem conte&uacute;do no Brasil, abrindo a possibilidade de entrada das teles neste mercado. A id&eacute;ia constar&aacute; no substitutivo que o parlamentar apresentar&aacute; sobre os quatro projetos de lei sobre produ&ccedil;&atilde;o, distribui&ccedil;&atilde;o e comercializa&ccedil;&atilde;o de conte&uacute;do na &hellip; <a href=\"https:\/\/obscom.intervozes.org.br\/?p=19348\" class=\"more-link\">Continue lendo <span class=\"screen-reader-text\">Substitutivo de Bittar manter\u00e1 restri\u00e7\u00e3o ao capital estrangeiro<\/span> <span class=\"meta-nav\">&rarr;<\/span><\/a><\/p>\n","protected":false},"author":1,"featured_media":0,"comment_status":"open","ping_status":"open","sticky":false,"template":"","format":"standard","meta":{"footnotes":""},"categories":[40],"tags":[437],"_links":{"self":[{"href":"https:\/\/obscom.intervozes.org.br\/index.php?rest_route=\/wp\/v2\/posts\/19348"}],"collection":[{"href":"https:\/\/obscom.intervozes.org.br\/index.php?rest_route=\/wp\/v2\/posts"}],"about":[{"href":"https:\/\/obscom.intervozes.org.br\/index.php?rest_route=\/wp\/v2\/types\/post"}],"author":[{"embeddable":true,"href":"https:\/\/obscom.intervozes.org.br\/index.php?rest_route=\/wp\/v2\/users\/1"}],"replies":[{"embeddable":true,"href":"https:\/\/obscom.intervozes.org.br\/index.php?rest_route=%2Fwp%2Fv2%2Fcomments&post=19348"}],"version-history":[{"count":0,"href":"https:\/\/obscom.intervozes.org.br\/index.php?rest_route=\/wp\/v2\/posts\/19348\/revisions"}],"wp:attachment":[{"href":"https:\/\/obscom.intervozes.org.br\/index.php?rest_route=%2Fwp%2Fv2%2Fmedia&parent=19348"}],"wp:term":[{"taxonomy":"category","embeddable":true,"href":"https:\/\/obscom.intervozes.org.br\/index.php?rest_route=%2Fwp%2Fv2%2Fcategories&post=19348"},{"taxonomy":"post_tag","embeddable":true,"href":"https:\/\/obscom.intervozes.org.br\/index.php?rest_route=%2Fwp%2Fv2%2Ftags&post=19348"}],"curies":[{"name":"wp","href":"https:\/\/api.w.org\/{rel}","templated":true}]}}