{"id":19345,"date":"2007-09-27T15:56:00","date_gmt":"2007-09-27T15:56:00","guid":{"rendered":"https:\/\/obscom.intervozes.org.br\/wordpress\/?p=19345"},"modified":"2007-09-27T15:56:00","modified_gmt":"2007-09-27T15:56:00","slug":"comissao-especial-analisara-fust-e-inclusao-digital-diz-semeghini","status":"publish","type":"post","link":"https:\/\/obscom.intervozes.org.br\/?p=19345","title":{"rendered":"Comiss\u00e3o especial analisar\u00e1 Fust e inclus\u00e3o digital, diz Semeghini"},"content":{"rendered":"<p>O presidente da Comiss&atilde;o de Ci&ecirc;ncia e Tecnologia, Comunica&ccedil;&atilde;o e Inform&aacute;tica, deputado Julio Semeghini (PSDB-SP), anunciou nesta quarta-feira (26\/9) que ser&aacute; criada nos pr&oacute;ximos dias uma comiss&atilde;o especial na C&acirc;mara para discutir o Fundo de Universaliza&ccedil;&atilde;o dos Servi&ccedil;os de Telecomunica&ccedil;&otilde;es (Fust) e a inclus&atilde;o digital. Segundo ele, falta apenas a indica&ccedil;&atilde;o de alguns integrantes para a cria&ccedil;&atilde;o do colegiado.<\/p>\n<p>Semeghini participou da audi&ecirc;ncia p&uacute;blica sobre a informatiza&ccedil;&atilde;o da rede escolar p&uacute;blica e suas conseq&uuml;&ecirc;ncias para o aprendizado e para a inclus&atilde;o digital. O evento foi promovido pelas comiss&otilde;es de Educa&ccedil;&atilde;o e Cultura e de Ci&ecirc;ncia e Tecnologia.<\/p>\n<p>As informa&ccedil;&otilde;es s&atilde;o da Ag&ecirc;ncia C&acirc;mara.<\/p>\n","protected":false},"excerpt":{"rendered":"<p>O presidente da Comiss&atilde;o de Ci&ecirc;ncia e Tecnologia, Comunica&ccedil;&atilde;o e Inform&aacute;tica, deputado Julio Semeghini (PSDB-SP), anunciou nesta quarta-feira (26\/9) que ser&aacute; criada nos pr&oacute;ximos dias uma comiss&atilde;o especial na C&acirc;mara para discutir o Fundo de Universaliza&ccedil;&atilde;o dos Servi&ccedil;os de Telecomunica&ccedil;&otilde;es (Fust) e a inclus&atilde;o digital. Segundo ele, falta apenas a indica&ccedil;&atilde;o de alguns integrantes para &hellip; <a href=\"https:\/\/obscom.intervozes.org.br\/?p=19345\" class=\"more-link\">Continue lendo <span class=\"screen-reader-text\">Comiss\u00e3o especial analisar\u00e1 Fust e inclus\u00e3o digital, diz Semeghini<\/span> <span class=\"meta-nav\">&rarr;<\/span><\/a><\/p>\n","protected":false},"author":1,"featured_media":0,"comment_status":"open","ping_status":"open","sticky":false,"template":"","format":"standard","meta":{"footnotes":""},"categories":[39],"tags":[],"_links":{"self":[{"href":"https:\/\/obscom.intervozes.org.br\/index.php?rest_route=\/wp\/v2\/posts\/19345"}],"collection":[{"href":"https:\/\/obscom.intervozes.org.br\/index.php?rest_route=\/wp\/v2\/posts"}],"about":[{"href":"https:\/\/obscom.intervozes.org.br\/index.php?rest_route=\/wp\/v2\/types\/post"}],"author":[{"embeddable":true,"href":"https:\/\/obscom.intervozes.org.br\/index.php?rest_route=\/wp\/v2\/users\/1"}],"replies":[{"embeddable":true,"href":"https:\/\/obscom.intervozes.org.br\/index.php?rest_route=%2Fwp%2Fv2%2Fcomments&post=19345"}],"version-history":[{"count":0,"href":"https:\/\/obscom.intervozes.org.br\/index.php?rest_route=\/wp\/v2\/posts\/19345\/revisions"}],"wp:attachment":[{"href":"https:\/\/obscom.intervozes.org.br\/index.php?rest_route=%2Fwp%2Fv2%2Fmedia&parent=19345"}],"wp:term":[{"taxonomy":"category","embeddable":true,"href":"https:\/\/obscom.intervozes.org.br\/index.php?rest_route=%2Fwp%2Fv2%2Fcategories&post=19345"},{"taxonomy":"post_tag","embeddable":true,"href":"https:\/\/obscom.intervozes.org.br\/index.php?rest_route=%2Fwp%2Fv2%2Ftags&post=19345"}],"curies":[{"name":"wp","href":"https:\/\/api.w.org\/{rel}","templated":true}]}}