{"id":19343,"date":"2007-09-27T15:42:40","date_gmt":"2007-09-27T15:42:40","guid":{"rendered":"https:\/\/obscom.intervozes.org.br\/wordpress\/?p=19343"},"modified":"2007-09-27T15:42:40","modified_gmt":"2007-09-27T15:42:40","slug":"record-news-ameaca-ir-a-justica-contra-net","status":"publish","type":"post","link":"https:\/\/obscom.intervozes.org.br\/?p=19343","title":{"rendered":"Record News amea\u00e7a ir \u00e0 Justi\u00e7a contra Net"},"content":{"rendered":"<p>O canal de not&iacute;cias Record News entra no ar hoje, &agrave;s 20h, amea&ccedil;ando travar uma batalha judicial contra a Net Servi&ccedil;os, maior operadora de TV paga do pa&iacute;s. S&oacute;cia da Net, a Globo tem poder de veto sobre os canais nacionais que ela carrega. Formalmente, a Record News &eacute; a nova denomina&ccedil;&atilde;o comercial da Rede Mulher, emissora em UHF da Igreja Universal. A Rede Mulher tem contrato com a Net para ser distribu&iacute;da no cabo em S&atilde;o Paulo, no canal 93. Por lei, a Net n&atilde;o &eacute; obrigada a carregar a Rede Mulher, porque seu sinal em S&atilde;o Paulo &eacute; de retransmissora. Segundo a Record, o contrato da Net com a Rede Mulher n&atilde;o prev&ecirc; rescis&atilde;o no caso de a emissora mudar de nome e de programa&ccedil;&atilde;o, como agora. <\/p>\n<p>No &uacute;ltimo dia 24, a Net enviou pedido de informa&ccedil;&otilde;es &agrave; Rede Mulher. Para a Record, a carta insinua que o sinal ser&aacute; cortado assim que virar Record News. &#39;A gentesabe que o motivo [do corte] &eacute; a concorr&ecirc;ncia com o canal de not&iacute;cias da Globo&#39;, diz Alexandre Raposo, presidente da Record. A Net afirma que a &#39;situa&ccedil;&atilde;o [da Rede Mulher\/Record News] est&aacute; indefinida&#39;. A operadora informa que at&eacute; ontem n&atilde;o tinha sido procurada &#39;oficialmente&#39; paraconversar sobre a mudan&ccedil;a, o que a Record nega _diz que tenta uma reuni&atilde;o h&aacute; mais de um m&ecirc;s. <\/p>\n<p>A Record News ser&aacute; aberta (em S&atilde;o Paulo, canal 42) e paga (est&aacute; confirmada na TVA). <\/p>\n<p>As informa&ccedil;&otilde;es s&atilde;o de Daniel Castro, da Folha de S&atilde;o Paulo.<\/p>\n","protected":false},"excerpt":{"rendered":"<p>O canal de not&iacute;cias Record News entra no ar hoje, &agrave;s 20h, amea&ccedil;ando travar uma batalha judicial contra a Net Servi&ccedil;os, maior operadora de TV paga do pa&iacute;s. S&oacute;cia da Net, a Globo tem poder de veto sobre os canais nacionais que ela carrega. Formalmente, a Record News &eacute; a nova denomina&ccedil;&atilde;o comercial da Rede &hellip; <a href=\"https:\/\/obscom.intervozes.org.br\/?p=19343\" class=\"more-link\">Continue lendo <span class=\"screen-reader-text\">Record News amea\u00e7a ir \u00e0 Justi\u00e7a contra Net<\/span> <span class=\"meta-nav\">&rarr;<\/span><\/a><\/p>\n","protected":false},"author":1,"featured_media":0,"comment_status":"open","ping_status":"open","sticky":false,"template":"","format":"standard","meta":{"footnotes":""},"categories":[39],"tags":[],"_links":{"self":[{"href":"https:\/\/obscom.intervozes.org.br\/index.php?rest_route=\/wp\/v2\/posts\/19343"}],"collection":[{"href":"https:\/\/obscom.intervozes.org.br\/index.php?rest_route=\/wp\/v2\/posts"}],"about":[{"href":"https:\/\/obscom.intervozes.org.br\/index.php?rest_route=\/wp\/v2\/types\/post"}],"author":[{"embeddable":true,"href":"https:\/\/obscom.intervozes.org.br\/index.php?rest_route=\/wp\/v2\/users\/1"}],"replies":[{"embeddable":true,"href":"https:\/\/obscom.intervozes.org.br\/index.php?rest_route=%2Fwp%2Fv2%2Fcomments&post=19343"}],"version-history":[{"count":0,"href":"https:\/\/obscom.intervozes.org.br\/index.php?rest_route=\/wp\/v2\/posts\/19343\/revisions"}],"wp:attachment":[{"href":"https:\/\/obscom.intervozes.org.br\/index.php?rest_route=%2Fwp%2Fv2%2Fmedia&parent=19343"}],"wp:term":[{"taxonomy":"category","embeddable":true,"href":"https:\/\/obscom.intervozes.org.br\/index.php?rest_route=%2Fwp%2Fv2%2Fcategories&post=19343"},{"taxonomy":"post_tag","embeddable":true,"href":"https:\/\/obscom.intervozes.org.br\/index.php?rest_route=%2Fwp%2Fv2%2Ftags&post=19343"}],"curies":[{"name":"wp","href":"https:\/\/api.w.org\/{rel}","templated":true}]}}