{"id":19337,"date":"2007-09-26T14:43:32","date_gmt":"2007-09-26T14:43:32","guid":{"rendered":"https:\/\/obscom.intervozes.org.br\/wordpress\/?p=19337"},"modified":"2007-09-26T14:43:32","modified_gmt":"2007-09-26T14:43:32","slug":"apos-leilao-oi-avanca-em-sao-paulo-e-vivo-no-pais","status":"publish","type":"post","link":"https:\/\/obscom.intervozes.org.br\/?p=19337","title":{"rendered":"Ap\u00f3s leil\u00e3o, Oi avan\u00e7a em S\u00e3o Paulo, e Vivo, no pa\u00eds"},"content":{"rendered":"<p>A Oi, ex-Telemar, ser&aacute; a quinta operadora de celular no Estado de S&atilde;o Paulo. A empresa arrematou ontem por R$ 80,55 milh&otilde;es, em leil&atilde;o feito pela Anatel (Ag&ecirc;ncia Nacional de Telecomunica&ccedil;&otilde;es), freq&uuml;&ecirc;ncias para operar telefonia m&oacute;vel em todo o Estado. <\/p>\n<p>No mercado paulista, liderado pela Vivo, tamb&eacute;m atuam TIM e Claro. A Unicel, que arrematou a licen&ccedil;a para a &aacute;rea metropolitana em fevereiro, por R$ 93,8 milh&otilde;es, ainda n&atilde;o iniciou as suas opera&ccedil;&otilde;es. <\/p>\n<p>Quarta maior empresa de telefonia celular do pa&iacute;s, a Oi det&eacute;m 13,12% do mercado, segundo a Anatel, ficando atr&aacute;s de Vivo (28,05%), TIM (25,71%) e Claro (24,76%). <\/p>\n<p>Em outro leil&atilde;o, a Vivo, operadora l&iacute;der do mercado nacional, comprou faixas em seis Estados do Nordeste, o que lhe permitir&aacute; ter cobertura em todo o Brasil. Depois de operar anos com sua rede estrangulada, a Vivo levou ainda freq&uuml;&ecirc;ncias em Estadosdas regi&otilde;es Sudeste, Sul e Centro-Oeste, al&eacute;m de Acre, Rond&ocirc;nia e Tocantins -a Vivo j&aacute; havia passado a operar em Minas Gerais ao comprar a Telemig, em agosto. <\/p>\n<p>Os movimentos foram bem recebidos pelo mercado. No preg&atilde;o da Bolsa, as a&ccedil;&otilde;es preferenciais da Vivo estiveram entre os principais destaques, ao registrar valoriza&ccedil;&atilde;o de 4,07%. As a&ccedil;&otilde;es preferenciais da Telemar subiram 1,12%. <\/p>\n<p>Al&eacute;m de arrematar a faixa para S&atilde;o Paulo, a ser usada para a chamada segunda gera&ccedil;&atilde;o da telefonia -que &eacute; a oferecida pelas operadoras hoje-, a Oi levou uma freq&uuml;&ecirc;ncia para a regi&atilde;o de Franca (SP) e chegou a ser declarada vencedora no leil&atilde;o para faixas exclusivas no interior de S&atilde;o Paulo, com uma oferta de R$ 42,39 milh&otilde;es. Este &uacute;ltimo lote, por&eacute;m, foi suspenso depois que a Unicel, que tamb&eacute;m participava da disputa, apresentou recurso. <\/p>\n<p>Em nota, a Oi declarou que a redu&ccedil;&atilde;o no valor das outorgas, a queda no pre&ccedil;o dos equipamentos para a rede GSM (padr&atilde;o europeu, o mais usado no mundo) e a valoriza&ccedil;&atilde;o do real contribu&iacute;ram para a decis&atilde;o de entrar no mercado paulista. <\/p>\n<p><strong>Cobertura nacional<\/strong> <\/p>\n<p>O presidente da Vivo, Roberto Lima, disse que a empresa come&ccedil;ar&aacute; a operar nos seis Estados do Nordeste em que ainda n&atilde;o atua em menos de um ano. A empresa pagou R$ 13,01 milh&otilde;es por faixas em Alagoas, Cear&aacute;, Para&iacute;ba, Piau&iacute;, Pernambuco e Rio Grande do Norte. <\/p>\n<p>Lima n&atilde;o quis dar detalhes sobre a estrat&eacute;gia para operar na regi&atilde;o, mas disse que a marca j&aacute; &eacute; forte mesmo onde a empresa ainda n&atilde;o est&aacute;. <\/p>\n<p>&#39;Nossa marca &eacute; conhecida porque toda a propaganda da empresa &eacute; nacional. Passamos agora a ter cobertura nacional, e isso nos coloca em p&eacute; de igualdade para competir pelo cliente, com servi&ccedil;o de qualidade.&#39; <\/p>\n<p>O leil&atilde;o de freq&uuml;&ecirc;ncias da chamada segunda gera&ccedil;&atilde;o era essencial para a Vivo, que poder&aacute; agora aumentar sua rede. A empresa estava estrangulada, operando em 850 MHz, faixa considerada ainda de primeira gera&ccedil;&atilde;o. Em 2001, a Anatel leiloou freq&uuml;&ecirc;ncias da segunda gera&ccedil;&atilde;o, em 1.800 MHz, que, em todo o mundo, s&atilde;o utilizadas para a tecnologia GSM. <\/p>\n<p>Na &eacute;poca, todas as operadoras compraram freq&uuml;&ecirc;ncias para GSM e expandiram suas redes, mas a Vivo continuou com a tecnologia CDMA -a Vivo &eacute; a &uacute;nica a usar o padr&atilde;o americano no Brasil-, o que a impedia deentrar no Nordeste e em Minas Gerais, enquanto a Anatel n&atilde;o fizesse um novo leil&atilde;o. <\/p>\n<p>Com a licita&ccedil;&atilde;o, a Vivo comprou freq&uuml;&ecirc;ncias na qual poder&aacute;, al&eacute;m de ampliar sua rede CDMA, montar novas redes com a tecnologia GSM -s&oacute; no fim de 2006 a companhia come&ccedil;ou a utilizar o padr&atilde;o. &#39;Provavelmente [no Nordeste] ser&aacute; GSM. Temos alternativa de fazer nas duas tecnologias, o que &eacute; &oacute;timo&#39;, disse Lima. <\/p>\n<p>Apesar de a Vivo focar investimentos em CDMA, a tecnologia GSM consolidou sua lideran&ccedil;a em agosto, segundo a Anatel, com 73% do mercado.<\/p>\n","protected":false},"excerpt":{"rendered":"<p>A Oi, ex-Telemar, ser&aacute; a quinta operadora de celular no Estado de S&atilde;o Paulo. A empresa arrematou ontem por R$ 80,55 milh&otilde;es, em leil&atilde;o feito pela Anatel (Ag&ecirc;ncia Nacional de Telecomunica&ccedil;&otilde;es), freq&uuml;&ecirc;ncias para operar telefonia m&oacute;vel em todo o Estado. No mercado paulista, liderado pela Vivo, tamb&eacute;m atuam TIM e Claro. A Unicel, que arrematou &hellip; <a href=\"https:\/\/obscom.intervozes.org.br\/?p=19337\" class=\"more-link\">Continue lendo <span class=\"screen-reader-text\">Ap\u00f3s leil\u00e3o, Oi avan\u00e7a em S\u00e3o Paulo, e Vivo, no pa\u00eds<\/span> <span class=\"meta-nav\">&rarr;<\/span><\/a><\/p>\n","protected":false},"author":1,"featured_media":0,"comment_status":"open","ping_status":"open","sticky":false,"template":"","format":"standard","meta":{"footnotes":""},"categories":[40],"tags":[436],"_links":{"self":[{"href":"https:\/\/obscom.intervozes.org.br\/index.php?rest_route=\/wp\/v2\/posts\/19337"}],"collection":[{"href":"https:\/\/obscom.intervozes.org.br\/index.php?rest_route=\/wp\/v2\/posts"}],"about":[{"href":"https:\/\/obscom.intervozes.org.br\/index.php?rest_route=\/wp\/v2\/types\/post"}],"author":[{"embeddable":true,"href":"https:\/\/obscom.intervozes.org.br\/index.php?rest_route=\/wp\/v2\/users\/1"}],"replies":[{"embeddable":true,"href":"https:\/\/obscom.intervozes.org.br\/index.php?rest_route=%2Fwp%2Fv2%2Fcomments&post=19337"}],"version-history":[{"count":0,"href":"https:\/\/obscom.intervozes.org.br\/index.php?rest_route=\/wp\/v2\/posts\/19337\/revisions"}],"wp:attachment":[{"href":"https:\/\/obscom.intervozes.org.br\/index.php?rest_route=%2Fwp%2Fv2%2Fmedia&parent=19337"}],"wp:term":[{"taxonomy":"category","embeddable":true,"href":"https:\/\/obscom.intervozes.org.br\/index.php?rest_route=%2Fwp%2Fv2%2Fcategories&post=19337"},{"taxonomy":"post_tag","embeddable":true,"href":"https:\/\/obscom.intervozes.org.br\/index.php?rest_route=%2Fwp%2Fv2%2Ftags&post=19337"}],"curies":[{"name":"wp","href":"https:\/\/api.w.org\/{rel}","templated":true}]}}