{"id":19336,"date":"2007-09-26T14:37:54","date_gmt":"2007-09-26T14:37:54","guid":{"rendered":"https:\/\/obscom.intervozes.org.br\/wordpress\/?p=19336"},"modified":"2007-09-26T14:37:54","modified_gmt":"2007-09-26T14:37:54","slug":"pt-quer-debater-concessoes-de-radio-e-tv-e-apoia-cpi-da-telefonicaabril","status":"publish","type":"post","link":"https:\/\/obscom.intervozes.org.br\/?p=19336","title":{"rendered":"PT quer debater concess\u00f5es de r\u00e1dio e TV e ap\u00f3ia CPI da Telef\u00f4nica\/Abril"},"content":{"rendered":"<p>A decis&atilde;o foi tomada ontem na reuni&atilde;o da Executiva Nacional, realizada em Bras&iacute;lia. Ficou acertado que o presidente da legenda, deputado Ricardo Berzoini (PT-SP), vai convidar os ministros da Comunica&ccedil;&atilde;o, Franklin Martins, das Comunica&ccedil;&otilde;es, H&eacute;lio Costa, e da Secretaria Geral da Presid&ecirc;ncia, Luiz Dulci, para um encontro extra da Executiva antes do dia 5 de outubro. &#39;No dia 5, vencem algumas concess&otilde;es e queremos ter algum posicionamento firmado at&eacute; essa data&#39;, declarou o secret&aacute;rio de comunica&ccedil;&atilde;o do PT, Gleber Naime. <\/p>\n<p>O&nbsp;secret&aacute;rio petista reclama que as regras de mercado n&atilde;o s&atilde;o cumpridas. E aponta que as concess&otilde;es s&atilde;o usadas como moeda de troca. &#39;A maior parte delas est&aacute; nas m&atilde;os de pol&iacute;ticos. Queremos integrar os movimentos sociais nesse debate&#39;, declarou. <\/p>\n<p>O petista rebate as cr&iacute;ticas de que o PT estaria sonhando em implantar no pa&iacute;s a mesma t&aacute;tica chavista de fechar emissoras cr&iacute;ticas ao Executivo. &#39;O que desejamos &eacute; que a sociedade participe mais ativamente desse debate. Em um cen&aacute;rio de inser&ccedil;&atilde;o de novas tecnologias, se a popula&ccedil;&atilde;o n&atilde;o participar, a tend&ecirc;ncia &eacute; concentrar ainda mais&#39;.<\/p>\n<p>Na mesma reuni&atilde;o, a Executiva Nacional do PT decidiu apoiar a instala&ccedil;&atilde;o da CPI que prop&otilde;e investigar a venda da TVA pelo Grupo Abril &agrave; empresa espanhola Telefonica. O PT diz que o objetivo &eacute; investigar se a transa&ccedil;&atilde;o fere ou n&atilde;o a lei que estabelece em 49% o limite de capital estrangeiro em uma empresa de televis&atilde;o a cabo.<\/p>\n","protected":false},"excerpt":{"rendered":"<p>A decis&atilde;o foi tomada ontem na reuni&atilde;o da Executiva Nacional, realizada em Bras&iacute;lia. Ficou acertado que o presidente da legenda, deputado Ricardo Berzoini (PT-SP), vai convidar os ministros da Comunica&ccedil;&atilde;o, Franklin Martins, das Comunica&ccedil;&otilde;es, H&eacute;lio Costa, e da Secretaria Geral da Presid&ecirc;ncia, Luiz Dulci, para um encontro extra da Executiva antes do dia 5 de &hellip; <a href=\"https:\/\/obscom.intervozes.org.br\/?p=19336\" class=\"more-link\">Continue lendo <span class=\"screen-reader-text\">PT quer debater concess\u00f5es de r\u00e1dio e TV e ap\u00f3ia CPI da Telef\u00f4nica\/Abril<\/span> <span class=\"meta-nav\">&rarr;<\/span><\/a><\/p>\n","protected":false},"author":1,"featured_media":0,"comment_status":"open","ping_status":"open","sticky":false,"template":"","format":"standard","meta":{"footnotes":""},"categories":[39],"tags":[],"_links":{"self":[{"href":"https:\/\/obscom.intervozes.org.br\/index.php?rest_route=\/wp\/v2\/posts\/19336"}],"collection":[{"href":"https:\/\/obscom.intervozes.org.br\/index.php?rest_route=\/wp\/v2\/posts"}],"about":[{"href":"https:\/\/obscom.intervozes.org.br\/index.php?rest_route=\/wp\/v2\/types\/post"}],"author":[{"embeddable":true,"href":"https:\/\/obscom.intervozes.org.br\/index.php?rest_route=\/wp\/v2\/users\/1"}],"replies":[{"embeddable":true,"href":"https:\/\/obscom.intervozes.org.br\/index.php?rest_route=%2Fwp%2Fv2%2Fcomments&post=19336"}],"version-history":[{"count":0,"href":"https:\/\/obscom.intervozes.org.br\/index.php?rest_route=\/wp\/v2\/posts\/19336\/revisions"}],"wp:attachment":[{"href":"https:\/\/obscom.intervozes.org.br\/index.php?rest_route=%2Fwp%2Fv2%2Fmedia&parent=19336"}],"wp:term":[{"taxonomy":"category","embeddable":true,"href":"https:\/\/obscom.intervozes.org.br\/index.php?rest_route=%2Fwp%2Fv2%2Fcategories&post=19336"},{"taxonomy":"post_tag","embeddable":true,"href":"https:\/\/obscom.intervozes.org.br\/index.php?rest_route=%2Fwp%2Fv2%2Ftags&post=19336"}],"curies":[{"name":"wp","href":"https:\/\/api.w.org\/{rel}","templated":true}]}}