{"id":19331,"date":"2007-09-26T11:54:12","date_gmt":"2007-09-26T11:54:12","guid":{"rendered":"https:\/\/obscom.intervozes.org.br\/wordpress\/?p=19331"},"modified":"2007-09-26T11:54:12","modified_gmt":"2007-09-26T11:54:12","slug":"governo-apresenta-modelo-para-a-tv-brasil","status":"publish","type":"post","link":"https:\/\/obscom.intervozes.org.br\/?p=19331","title":{"rendered":"Governo apresenta modelo para a TV Brasil"},"content":{"rendered":"<p><em>Est&aacute; finalizado o texto legal da cria&ccedil;&atilde;o da nova televis&atilde;o p&uacute;blica nacional, anunciada por Lula no F&oacute;rum Nacional de Televis&otilde;es P&uacute;blicas, e que ser&aacute; levado &agrave; sua aprecia&ccedil;&atilde;o ainda nesta semana.<\/em> <\/p>\n<p>Ontem&nbsp; (25\/09), no Planalto, representantes das associa&ccedil;&otilde;es representativas do campo p&uacute;blico da televis&atilde;o participaram de uma rodada de sugest&otilde;es finais para o texto que ser&aacute; apresentado pelo ministro Franklin Martins ao Presidente da Rep&uacute;blica.<\/p>\n<p>Nenhum dos convidados &agrave; reuni&atilde;o teve acesso ao texto final, mas todos discutiram pontos essenciais colocados na discuss&atilde;o. Podemos deduzir, com seguran&ccedil;a, que o texto acompanha os par&acirc;metros conceituais produzidos e apoiados pelo F&oacute;rum e reuni&otilde;es posteriores realizadas com a sociedade civil e sintetizadas no workshop realizado na Bahia.<\/p>\n<p>Optou-se pela cria&ccedil;&atilde;o de uma empresa p&uacute;blica, com financiamento est&aacute;vel, autonomia intelectual e administrativa. A empresa ter&aacute; um Conselho Curador composto por vinte membros, sendo quatro ministros de Estado &#8211; Comunica&ccedil;&atilde;o Social, Educa&ccedil;&atilde;o, Cultura e Ci&ecirc;ncia e Tecnologia -, um representante dos funcion&aacute;rios da nova empresa e quinze membros inicialmente indicados e nomeados pelo governo, representando a sociedade.<\/p>\n<p>A renova&ccedil;&atilde;o de seus membros ser&aacute; feita sucessivamente no primeiro, segundo e terceiro anos dos membros que tiverem mandatos de um, dois e tr&ecirc;s anos. Essa renova&ccedil;&atilde;o ter&aacute; indica&ccedil;&atilde;o do pr&oacute;prio Conselho Curador, ouvida a sociedade por forma a ser por ele definido, com nomea&ccedil;&atilde;o do Presidente da Rep&uacute;blica. O Conselho Curador ter&aacute; um presidente eleito por seus pares e a empresa ter&aacute; um Presidente Executivo e um Diretor Geral, um Conselho Fiscal, um Conselho Administrativo e seis Diretores, tudo dentro dos princ&iacute;pios da Lei de Sociedades An&ocirc;nimas. <\/p>\n<p>O conselho de vinte membros ser&aacute; um Conselho Curador (e n&atilde;o um Conselho Gestor) e ter&aacute; a responsabilidade de zelar pela miss&atilde;o da empresa, que ser&aacute; definida na lei. O Presidente Executivo ter&aacute; mandato de 4 anos e sua substitui&ccedil;&atilde;o, portanto, n&atilde;o coincidir&aacute; com a agenda das elei&ccedil;&otilde;es para Presidente da Rep&uacute;blica. O presidente executivo, juntamente com seus conselhos fiscal e de administra&ccedil;&atilde;o, ser&aacute; respons&aacute;vel pela gest&atilde;o estrat&eacute;gica da empresa e o diretor geral ser&aacute; respons&aacute;vel pelas atividades fim. A sede ser&aacute; no Rio de Janeiro. <\/p>\n<p>A constitui&ccedil;&atilde;o de uma Rede Nacional de TV P&uacute;blica, um dos objetivos da empresa, ser&aacute; feita a partir de conv&ecirc;nios com as televis&otilde;es do campo p&uacute;blico interessadas, e possibilitar&aacute; ainda a participa&ccedil;&atilde;o de televis&otilde;es estaduais na pr&oacute;pria empresa a ser criada.<\/p>\n<p>O modelo jur&iacute;dico institucional ora adotado n&atilde;o ser&aacute; imposto aos conveniados, mas servir&aacute; de par&acirc;metro indispens&aacute;vel para a consolida&ccedil;&atilde;o de um verdadeiro campo de televis&otilde;es p&uacute;blicas, ainda que cada uma acolhendo suas peculiaridades. H&aacute; par&acirc;metros inabal&aacute;veis, como a cria&ccedil;&atilde;o de conselhos representativos, autonomia editorial e financiamentos est&aacute;veis por parte dos governos ou institui&ccedil;&otilde;es mantenedoras.<\/p>\n","protected":false},"excerpt":{"rendered":"<p>Em reuni\u00e3o reservada \u00e0s associa\u00e7\u00f5es do campo p\u00fablico da televis\u00e3o, Secretaria de Comunica\u00e7\u00e3o Social apresenta os principais pontos da Medida Provis\u00f3ria que ser\u00e1 assinada nas pr\u00f3ximas semanas pelo governo. Indica\u00e7\u00e3o do conselho ser\u00e1 mesmo do presidente da Rep\u00fablica.<\/p>\n","protected":false},"author":1,"featured_media":0,"comment_status":"open","ping_status":"open","sticky":false,"template":"","format":"standard","meta":{"footnotes":""},"categories":[40],"tags":[435],"_links":{"self":[{"href":"https:\/\/obscom.intervozes.org.br\/index.php?rest_route=\/wp\/v2\/posts\/19331"}],"collection":[{"href":"https:\/\/obscom.intervozes.org.br\/index.php?rest_route=\/wp\/v2\/posts"}],"about":[{"href":"https:\/\/obscom.intervozes.org.br\/index.php?rest_route=\/wp\/v2\/types\/post"}],"author":[{"embeddable":true,"href":"https:\/\/obscom.intervozes.org.br\/index.php?rest_route=\/wp\/v2\/users\/1"}],"replies":[{"embeddable":true,"href":"https:\/\/obscom.intervozes.org.br\/index.php?rest_route=%2Fwp%2Fv2%2Fcomments&post=19331"}],"version-history":[{"count":0,"href":"https:\/\/obscom.intervozes.org.br\/index.php?rest_route=\/wp\/v2\/posts\/19331\/revisions"}],"wp:attachment":[{"href":"https:\/\/obscom.intervozes.org.br\/index.php?rest_route=%2Fwp%2Fv2%2Fmedia&parent=19331"}],"wp:term":[{"taxonomy":"category","embeddable":true,"href":"https:\/\/obscom.intervozes.org.br\/index.php?rest_route=%2Fwp%2Fv2%2Fcategories&post=19331"},{"taxonomy":"post_tag","embeddable":true,"href":"https:\/\/obscom.intervozes.org.br\/index.php?rest_route=%2Fwp%2Fv2%2Ftags&post=19331"}],"curies":[{"name":"wp","href":"https:\/\/api.w.org\/{rel}","templated":true}]}}