{"id":19330,"date":"2007-09-26T11:25:10","date_gmt":"2007-09-26T11:25:10","guid":{"rendered":"https:\/\/obscom.intervozes.org.br\/wordpress\/?p=19330"},"modified":"2016-06-01T17:50:45","modified_gmt":"2016-06-01T17:50:45","slug":"ecad-cobra-taxa-para-execucao-publica-musical-em-festa-de-casamento","status":"publish","type":"post","link":"https:\/\/obscom.intervozes.org.br\/?p=19330","title":{"rendered":"ECAD cobra taxa para execu\u00e7\u00e3o p\u00fablica musical em festa de casamento"},"content":{"rendered":"<p>O leitor Ronaldo Tozete locou um espa&ccedil;o particular para receber os convidados de sua festa de casamento. Depois de ter em m&atilde;os o contrato de loca&ccedil;&atilde;o, avisaram-no de que ele &eacute; obrigado a pagar uma taxa no ECAD.<\/p>\n<p>Segundo Tozete, a taxa estava fora do or&ccedil;amento pensado para a festa. &quot;Me disseram que o ECAD cobra essa taxa (uma esp&eacute;cie de &quot;seguro&quot;) por eventuais incovenientes que possam surgir, ent&atilde;o, fui &agrave; uma agencia do ECAD e me deram uma guia de coleta de dados para execu&ccedil;&atilde;o p&uacute;blica musical&quot;, informa Tozete. &quot;Se a guia &eacute; para execu&ccedil;&atilde;o p&uacute;blica, por que sou obrigado a pagar tal taxa, sendo que vou receber meus convidados numa &aacute;area particular onde n&atilde;o h&aacute; resid&ecirc;ncias pr&oacute;ximas e a seguran&ccedil;a no ato da festa ser&aacute; de minha responsabilidade?&quot;, questiona.<\/p>\n<p>Tozete lembra ainda que n&atilde;o est&aacute; prevista para a festa a execu&ccedil;&atilde;o em volume alto da m&uacute;sica, e que a festa &eacute; um casamento, sem cobran&ccedil;a de entradas e sem fins lucrativos.<\/p>\n<p>Aconselhamos Tozete a buscar conselhos sobre como proceder neste caso com o Instituto de Defesa do Consumidor &#8211; Idec e com grupos de lutam pela flexibiliza&ccedil;&atilde;o da propriedade intelectual e trabalham com formas livres de licenciamento, como o coletivo A epidemia. <\/p>\n","protected":false},"excerpt":{"rendered":"<p>Ronaldo Tozete locou um espa\u00e7o particular para receber os convidados de sua festa de casamento. Depois de ter em m\u00e3os o contrato de loca\u00e7\u00e3o, avisaram-no de que ele \u00e9 obrigado a pagar uma taxa no ECAD, mesmo sendo o local da festa um espa\u00e7o privado. <\/p>\n","protected":false},"author":1,"featured_media":0,"comment_status":"open","ping_status":"open","sticky":false,"template":"","format":"standard","meta":{"footnotes":""},"categories":[40],"tags":[],"_links":{"self":[{"href":"https:\/\/obscom.intervozes.org.br\/index.php?rest_route=\/wp\/v2\/posts\/19330"}],"collection":[{"href":"https:\/\/obscom.intervozes.org.br\/index.php?rest_route=\/wp\/v2\/posts"}],"about":[{"href":"https:\/\/obscom.intervozes.org.br\/index.php?rest_route=\/wp\/v2\/types\/post"}],"author":[{"embeddable":true,"href":"https:\/\/obscom.intervozes.org.br\/index.php?rest_route=\/wp\/v2\/users\/1"}],"replies":[{"embeddable":true,"href":"https:\/\/obscom.intervozes.org.br\/index.php?rest_route=%2Fwp%2Fv2%2Fcomments&post=19330"}],"version-history":[{"count":1,"href":"https:\/\/obscom.intervozes.org.br\/index.php?rest_route=\/wp\/v2\/posts\/19330\/revisions"}],"predecessor-version":[{"id":29417,"href":"https:\/\/obscom.intervozes.org.br\/index.php?rest_route=\/wp\/v2\/posts\/19330\/revisions\/29417"}],"wp:attachment":[{"href":"https:\/\/obscom.intervozes.org.br\/index.php?rest_route=%2Fwp%2Fv2%2Fmedia&parent=19330"}],"wp:term":[{"taxonomy":"category","embeddable":true,"href":"https:\/\/obscom.intervozes.org.br\/index.php?rest_route=%2Fwp%2Fv2%2Fcategories&post=19330"},{"taxonomy":"post_tag","embeddable":true,"href":"https:\/\/obscom.intervozes.org.br\/index.php?rest_route=%2Fwp%2Fv2%2Ftags&post=19330"}],"curies":[{"name":"wp","href":"https:\/\/api.w.org\/{rel}","templated":true}]}}