{"id":19328,"date":"2007-09-25T16:33:54","date_gmt":"2007-09-25T16:33:54","guid":{"rendered":"https:\/\/obscom.intervozes.org.br\/wordpress\/?p=19328"},"modified":"2016-06-01T17:51:03","modified_gmt":"2016-06-01T17:51:03","slug":"reporter-e-baleado-no-df-enquanto-produzia-materia-sobre-violencia","status":"publish","type":"post","link":"https:\/\/obscom.intervozes.org.br\/?p=19328","title":{"rendered":"Rep\u00f3rter \u00e9 baleado no DF enquanto produzia mat\u00e9ria sobre viol\u00eancia"},"content":{"rendered":"\n<p class=\"MsoNormal\">O rep&oacute;rter do Correio Braziliense\/Estado de Minas, Amaury Ribeiro J&uacute;nior, foi baleado no &uacute;ltimo dia 24, enquanto fazia uma mat&eacute;ria especial sobre a viol&ecirc;ncia no entorno do Distrito Federal. O jornalista se encontrava na companhia de uma fonte em um bar no bairro Colina Verde da Cidade Ocidental, quando foi abordado por um desconhecido que lhe apontou uma arma. Ao tentar se defender, o rep&oacute;rter foi ferido na virilha.<\/p>\n<p class=\"MsoNormal\">A pol&iacute;cia local defende que teria se tratado de um assalto, mas testemunhas, inclusive o motorista do Correio Braziliense, dizem que o desconhecido teria entrado no local j&aacute; com a arma apontada para Amaury. As autoridades do DF prometem investigar o ocorrido e culpam a viol&ecirc;ncia cr&ocirc;nica da regi&atilde;o como motivo do incidente. Amaury passa bem.<\/p>\n","protected":false},"excerpt":{"rendered":"<p>O rep\u00f3rter do Correio Braziliense\/Estado de Minas, Amaury Ribeiro J\u00fanior, foi baleado no \u00faltimo dia 24, enquanto fazia uma mat\u00e9ria especial sobre a viol\u00eancia no entorno do Distrito Federal. O jornalista se encontrava na companhia de uma fonte em um bar no bairro Colina Verde da Cidade Ocidental, quando foi abordado por um desconhecido que lhe apontou uma arma. Ao tentar se defender, o rep\u00f3rter foi ferido na virilha.<\/p>\n","protected":false},"author":1,"featured_media":0,"comment_status":"open","ping_status":"open","sticky":false,"template":"","format":"standard","meta":{"footnotes":""},"categories":[40],"tags":[],"_links":{"self":[{"href":"https:\/\/obscom.intervozes.org.br\/index.php?rest_route=\/wp\/v2\/posts\/19328"}],"collection":[{"href":"https:\/\/obscom.intervozes.org.br\/index.php?rest_route=\/wp\/v2\/posts"}],"about":[{"href":"https:\/\/obscom.intervozes.org.br\/index.php?rest_route=\/wp\/v2\/types\/post"}],"author":[{"embeddable":true,"href":"https:\/\/obscom.intervozes.org.br\/index.php?rest_route=\/wp\/v2\/users\/1"}],"replies":[{"embeddable":true,"href":"https:\/\/obscom.intervozes.org.br\/index.php?rest_route=%2Fwp%2Fv2%2Fcomments&post=19328"}],"version-history":[{"count":1,"href":"https:\/\/obscom.intervozes.org.br\/index.php?rest_route=\/wp\/v2\/posts\/19328\/revisions"}],"predecessor-version":[{"id":29418,"href":"https:\/\/obscom.intervozes.org.br\/index.php?rest_route=\/wp\/v2\/posts\/19328\/revisions\/29418"}],"wp:attachment":[{"href":"https:\/\/obscom.intervozes.org.br\/index.php?rest_route=%2Fwp%2Fv2%2Fmedia&parent=19328"}],"wp:term":[{"taxonomy":"category","embeddable":true,"href":"https:\/\/obscom.intervozes.org.br\/index.php?rest_route=%2Fwp%2Fv2%2Fcategories&post=19328"},{"taxonomy":"post_tag","embeddable":true,"href":"https:\/\/obscom.intervozes.org.br\/index.php?rest_route=%2Fwp%2Fv2%2Ftags&post=19328"}],"curies":[{"name":"wp","href":"https:\/\/api.w.org\/{rel}","templated":true}]}}