{"id":19318,"date":"2007-09-24T15:31:42","date_gmt":"2007-09-24T15:31:42","guid":{"rendered":"https:\/\/obscom.intervozes.org.br\/wordpress\/?p=19318"},"modified":"2007-09-24T15:31:42","modified_gmt":"2007-09-24T15:31:42","slug":"audiencia-na-camara-debate-informatizacao-da-rede-escolar-e-inclusao-digital","status":"publish","type":"post","link":"https:\/\/obscom.intervozes.org.br\/?p=19318","title":{"rendered":"Audi\u00eancia na C\u00e2mara debate informatiza\u00e7\u00e3o da rede escolar e inclus\u00e3o digital"},"content":{"rendered":"<p>As comiss&otilde;es de Educa&ccedil;&atilde;o e Cultura (CEC) e de Ci&ecirc;ncia e Tecnologia, Comunica&ccedil;&atilde;o e Inform&aacute;tica (CCTCI) promovem na quarta-feira (26), &agrave;s16h30, no plen&aacute;rio 13 do anexo II da C&acirc;mara dos Deputados, audi&ecirc;ncia&nbsp;p&uacute;blica sobre a informatiza&ccedil;&atilde;o da rede escolar p&uacute;blica e as suas conseq&uuml;&ecirc;ncias para o aprendizado e a inclus&atilde;o digital.<\/p>\n<p>Est&atilde;o convidados, entre outros, o diretor-executivo da Rede de&nbsp;Informa&ccedil;&atilde;o Tecnol&oacute;gica Latino-Americana (Ritla), Jorge Werthein; o secret&aacute;rio de Educa&ccedil;&atilde;o a Dist&acirc;ncia do Minist&eacute;rio da Educa&ccedil;&atilde;o, Carlos Eduardo Bielschowsky; e o secret&aacute;rio de Ci&ecirc;ncia e Tecnologia para Inclus&atilde;o Social do Minist&eacute;rio da Ci&ecirc;ncia e Tecnologia, Joe Carlo Viana&nbsp;Valle.<\/p>\n","protected":false},"excerpt":{"rendered":"<p>As comiss&otilde;es de Educa&ccedil;&atilde;o e Cultura (CEC) e de Ci&ecirc;ncia e Tecnologia, Comunica&ccedil;&atilde;o e Inform&aacute;tica (CCTCI) promovem na quarta-feira (26), &agrave;s16h30, no plen&aacute;rio 13 do anexo II da C&acirc;mara dos Deputados, audi&ecirc;ncia&nbsp;p&uacute;blica sobre a informatiza&ccedil;&atilde;o da rede escolar p&uacute;blica e as suas conseq&uuml;&ecirc;ncias para o aprendizado e a inclus&atilde;o digital. Est&atilde;o convidados, entre outros, o &hellip; <a href=\"https:\/\/obscom.intervozes.org.br\/?p=19318\" class=\"more-link\">Continue lendo <span class=\"screen-reader-text\">Audi\u00eancia na C\u00e2mara debate informatiza\u00e7\u00e3o da rede escolar e inclus\u00e3o digital<\/span> <span class=\"meta-nav\">&rarr;<\/span><\/a><\/p>\n","protected":false},"author":1,"featured_media":0,"comment_status":"open","ping_status":"open","sticky":false,"template":"","format":"standard","meta":{"footnotes":""},"categories":[39],"tags":[],"_links":{"self":[{"href":"https:\/\/obscom.intervozes.org.br\/index.php?rest_route=\/wp\/v2\/posts\/19318"}],"collection":[{"href":"https:\/\/obscom.intervozes.org.br\/index.php?rest_route=\/wp\/v2\/posts"}],"about":[{"href":"https:\/\/obscom.intervozes.org.br\/index.php?rest_route=\/wp\/v2\/types\/post"}],"author":[{"embeddable":true,"href":"https:\/\/obscom.intervozes.org.br\/index.php?rest_route=\/wp\/v2\/users\/1"}],"replies":[{"embeddable":true,"href":"https:\/\/obscom.intervozes.org.br\/index.php?rest_route=%2Fwp%2Fv2%2Fcomments&post=19318"}],"version-history":[{"count":0,"href":"https:\/\/obscom.intervozes.org.br\/index.php?rest_route=\/wp\/v2\/posts\/19318\/revisions"}],"wp:attachment":[{"href":"https:\/\/obscom.intervozes.org.br\/index.php?rest_route=%2Fwp%2Fv2%2Fmedia&parent=19318"}],"wp:term":[{"taxonomy":"category","embeddable":true,"href":"https:\/\/obscom.intervozes.org.br\/index.php?rest_route=%2Fwp%2Fv2%2Fcategories&post=19318"},{"taxonomy":"post_tag","embeddable":true,"href":"https:\/\/obscom.intervozes.org.br\/index.php?rest_route=%2Fwp%2Fv2%2Ftags&post=19318"}],"curies":[{"name":"wp","href":"https:\/\/api.w.org\/{rel}","templated":true}]}}