{"id":19314,"date":"2007-09-24T14:39:19","date_gmt":"2007-09-24T14:39:19","guid":{"rendered":"https:\/\/obscom.intervozes.org.br\/wordpress\/?p=19314"},"modified":"2007-09-24T14:39:19","modified_gmt":"2007-09-24T14:39:19","slug":"mec-promete-atender-reivindicacoes-de-jovens-indigenas","status":"publish","type":"post","link":"https:\/\/obscom.intervozes.org.br\/?p=19314","title":{"rendered":"MEC promete atender reivindica\u00e7\u00f5es de jovens ind\u00edgenas"},"content":{"rendered":"<p>O ministro da Educa&ccedil;&atilde;o, Fernando Haddad, comprometeu-se hoje (20) a implementar, o mais r&aacute;pido poss&iacute;vel, as principais reivindica&ccedil;&otilde;es que recebeu de 35 jovens e adolescentes ind&iacute;genas. Ele reivindicaram, entre outros itens, refor&ccedil;o da educa&ccedil;&atilde;o bil&iacute;ng&uuml;e nas aldeias, inclus&atilde;o digital, com acesso &agrave; internet, e que o ensino seja ministrado nas pr&oacute;prias aldeias, levando em conta os valores, a cultura e as tradi&ccedil;&otilde;es dos povos ind&iacute;genas. <\/p>\n<p>Para Fernando Haddad, a agenda apresentada pela comunidade ind&iacute;gena, reunida no 2&ordm; Encontro dos Povos da Floresta, em Bras&iacute;lia, &#39;vem avan&ccedil;ando, sobretudo porque a consci&ecirc;ncia ind&iacute;gena hoje &eacute; muito maior em rela&ccedil;&atilde;o aos seus valores, da necessidade de que eles sejam preservados&#39;. <\/p>\n<p>Diante de uma agenda como essa, disse o ministro, &#39;o Estado vem podendo se organizar melhor, talvez n&atilde;o no ritmo que deveria, devido ao atraso hist&oacute;rico, mas juntos, rapidamente vamos alcan&ccedil;ar esse objetivo&#39;. <\/p>\n<p>De acordo com Haddad, essa agenda ser&aacute; desenvolvida com a ajuda da Secretaria de Educa&ccedil;&atilde;o Continuada, Alfabetiza&ccedil;&atilde;o e Diversidade (Secad), &#39;que &eacute; a primeira secretaria do MEC estruturada para enfrentar esse desafio da comunidade ind&iacute;gena&#39;. <\/p>\n<p>O secret&aacute;rio de Educa&ccedil;&atilde;o Continuada, Alfabetiza&ccedil;&atilde;o e Diversidadea, Andr&eacute; L&aacute;zaro, perguntou aos jovens ind&iacute;genas quantos haviam estudado em escolas ind&iacute;genas e, diante da identifica&ccedil;&atilde;o de apenas dois, que levantaram as m&atilde;os, reconheceu: &#39;&Eacute;, estamos devendo muito a voc&ecirc;s&#39;. <\/p>\n<p>Ao final do encontro, o ministro Fernando Haddad recebeu um colar de presente e posou para in&uacute;meras fotos, tiradas pelos jovens ind&iacute;genas, muitas deles, com c&acirc;meras digitais. <\/p>\n","protected":false},"excerpt":{"rendered":"<p>O ministro da Educa&ccedil;&atilde;o, Fernando Haddad, comprometeu-se hoje (20) a implementar, o mais r&aacute;pido poss&iacute;vel, as principais reivindica&ccedil;&otilde;es que recebeu de 35 jovens e adolescentes ind&iacute;genas. Ele reivindicaram, entre outros itens, refor&ccedil;o da educa&ccedil;&atilde;o bil&iacute;ng&uuml;e nas aldeias, inclus&atilde;o digital, com acesso &agrave; internet, e que o ensino seja ministrado nas pr&oacute;prias aldeias, levando em conta &hellip; <a href=\"https:\/\/obscom.intervozes.org.br\/?p=19314\" class=\"more-link\">Continue lendo <span class=\"screen-reader-text\">MEC promete atender reivindica\u00e7\u00f5es de jovens ind\u00edgenas<\/span> <span class=\"meta-nav\">&rarr;<\/span><\/a><\/p>\n","protected":false},"author":1,"featured_media":0,"comment_status":"open","ping_status":"open","sticky":false,"template":"","format":"standard","meta":{"footnotes":""},"categories":[40],"tags":[432],"_links":{"self":[{"href":"https:\/\/obscom.intervozes.org.br\/index.php?rest_route=\/wp\/v2\/posts\/19314"}],"collection":[{"href":"https:\/\/obscom.intervozes.org.br\/index.php?rest_route=\/wp\/v2\/posts"}],"about":[{"href":"https:\/\/obscom.intervozes.org.br\/index.php?rest_route=\/wp\/v2\/types\/post"}],"author":[{"embeddable":true,"href":"https:\/\/obscom.intervozes.org.br\/index.php?rest_route=\/wp\/v2\/users\/1"}],"replies":[{"embeddable":true,"href":"https:\/\/obscom.intervozes.org.br\/index.php?rest_route=%2Fwp%2Fv2%2Fcomments&post=19314"}],"version-history":[{"count":0,"href":"https:\/\/obscom.intervozes.org.br\/index.php?rest_route=\/wp\/v2\/posts\/19314\/revisions"}],"wp:attachment":[{"href":"https:\/\/obscom.intervozes.org.br\/index.php?rest_route=%2Fwp%2Fv2%2Fmedia&parent=19314"}],"wp:term":[{"taxonomy":"category","embeddable":true,"href":"https:\/\/obscom.intervozes.org.br\/index.php?rest_route=%2Fwp%2Fv2%2Fcategories&post=19314"},{"taxonomy":"post_tag","embeddable":true,"href":"https:\/\/obscom.intervozes.org.br\/index.php?rest_route=%2Fwp%2Fv2%2Ftags&post=19314"}],"curies":[{"name":"wp","href":"https:\/\/api.w.org\/{rel}","templated":true}]}}