{"id":19308,"date":"2007-09-24T12:12:36","date_gmt":"2007-09-24T12:12:36","guid":{"rendered":"https:\/\/obscom.intervozes.org.br\/wordpress\/?p=19308"},"modified":"2007-09-24T12:12:36","modified_gmt":"2007-09-24T12:12:36","slug":"abraco-sp-debatera-perspectivas-para-as-radios-comunitarias","status":"publish","type":"post","link":"https:\/\/obscom.intervozes.org.br\/?p=19308","title":{"rendered":"Abra\u00e7o-SP debater\u00e1 perspectivas para as r\u00e1dios comunit\u00e1rias"},"content":{"rendered":"<p>Com o objetivo de buscar uma nova perspectiva &agrave; radiodifus&atilde;o comunit&aacute;ria, primando pela democratiza&ccedil;&atilde;o do processo, a Associa&ccedil;&atilde;o Brasileira de Radiodifus&atilde;o Comunit&aacute;ria (Abra&ccedil;o) realizar&aacute; em Campinas (SP) o 3&ordm; Encontro Estadual de R&aacute;dios Comunit&aacute;rias, nos dias 28 e 29 de setembro. <\/p>\n<p>Debatendo as novas tecnologias de modelos de r&aacute;dios digitais, o evento pretende avaliar o rumo da radiodifus&atilde;o p&uacute;blica no Brasil, que hoje possui cerca de 27 mil r&aacute;dios comunit&aacute;rias. O resultado desse encontro auxiliar&aacute; na elabora&ccedil;&atilde;o de plano de lutas para a radiodifus&atilde;o comunit&aacute;ria, contribuindo para o IV Congresso Nacional da Abra&ccedil;o, a ser realizado brevemente.<\/p>\n<p>A luta pela democratiza&ccedil;&atilde;o da comunica&ccedil;&atilde;o na Am&eacute;rica Latina ser&aacute; o principal tema do evento, que ter&aacute; a presen&ccedil;a do C&ocirc;nsul Geral venezuelano Joger Luiz Duran Cente&ntilde;o. Ele participar&aacute; do ato de apoio &agrave; decis&atilde;o do governo venezuelano de n&atilde;o renovar a concess&atilde;o da emissora RCTV. <\/p>\n<p>As informa&ccedil;&otilde;es s&atilde;o do FNDC.<\/p>\n","protected":false},"excerpt":{"rendered":"<p>Com o objetivo de buscar uma nova perspectiva &agrave; radiodifus&atilde;o comunit&aacute;ria, primando pela democratiza&ccedil;&atilde;o do processo, a Associa&ccedil;&atilde;o Brasileira de Radiodifus&atilde;o Comunit&aacute;ria (Abra&ccedil;o) realizar&aacute; em Campinas (SP) o 3&ordm; Encontro Estadual de R&aacute;dios Comunit&aacute;rias, nos dias 28 e 29 de setembro. Debatendo as novas tecnologias de modelos de r&aacute;dios digitais, o evento pretende avaliar o &hellip; <a href=\"https:\/\/obscom.intervozes.org.br\/?p=19308\" class=\"more-link\">Continue lendo <span class=\"screen-reader-text\">Abra\u00e7o-SP debater\u00e1 perspectivas para as r\u00e1dios comunit\u00e1rias<\/span> <span class=\"meta-nav\">&rarr;<\/span><\/a><\/p>\n","protected":false},"author":1,"featured_media":0,"comment_status":"open","ping_status":"open","sticky":false,"template":"","format":"standard","meta":{"footnotes":""},"categories":[39],"tags":[],"_links":{"self":[{"href":"https:\/\/obscom.intervozes.org.br\/index.php?rest_route=\/wp\/v2\/posts\/19308"}],"collection":[{"href":"https:\/\/obscom.intervozes.org.br\/index.php?rest_route=\/wp\/v2\/posts"}],"about":[{"href":"https:\/\/obscom.intervozes.org.br\/index.php?rest_route=\/wp\/v2\/types\/post"}],"author":[{"embeddable":true,"href":"https:\/\/obscom.intervozes.org.br\/index.php?rest_route=\/wp\/v2\/users\/1"}],"replies":[{"embeddable":true,"href":"https:\/\/obscom.intervozes.org.br\/index.php?rest_route=%2Fwp%2Fv2%2Fcomments&post=19308"}],"version-history":[{"count":0,"href":"https:\/\/obscom.intervozes.org.br\/index.php?rest_route=\/wp\/v2\/posts\/19308\/revisions"}],"wp:attachment":[{"href":"https:\/\/obscom.intervozes.org.br\/index.php?rest_route=%2Fwp%2Fv2%2Fmedia&parent=19308"}],"wp:term":[{"taxonomy":"category","embeddable":true,"href":"https:\/\/obscom.intervozes.org.br\/index.php?rest_route=%2Fwp%2Fv2%2Fcategories&post=19308"},{"taxonomy":"post_tag","embeddable":true,"href":"https:\/\/obscom.intervozes.org.br\/index.php?rest_route=%2Fwp%2Fv2%2Ftags&post=19308"}],"curies":[{"name":"wp","href":"https:\/\/api.w.org\/{rel}","templated":true}]}}