{"id":19306,"date":"2007-09-24T11:59:38","date_gmt":"2007-09-24T11:59:38","guid":{"rendered":"https:\/\/obscom.intervozes.org.br\/wordpress\/?p=19306"},"modified":"2007-09-24T11:59:38","modified_gmt":"2007-09-24T11:59:38","slug":"canal-movel-tera-mesmo-conteudo-da-hdtv-diz-globo","status":"publish","type":"post","link":"https:\/\/obscom.intervozes.org.br\/?p=19306","title":{"rendered":"Canal m\u00f3vel ter\u00e1 mesmo conte\u00fado da HDTV, diz Globo"},"content":{"rendered":"<p>A transmiss&atilde;o de TV digital que come&ccedil;ar&aacute; em dezembro deste ano ser&aacute; composta tanto de um sinal em alta defini&ccedil;&atilde;o (HDTV) quanto um de baixa defini&ccedil;&atilde;o para aparelhos port&aacute;teis (1 SEG), e ambos ter&atilde;o o mesmo conte&uacute;do da atual TV anal&oacute;gica. Quem garante &eacute; o gerente do departamento de projetos de transmiss&atilde;o digital da TV Globo, Paulo Henrique de Castro. &quot;&Eacute; at&eacute; mais f&aacute;cil para as emissoras transmitir o mesmo conte&uacute;do&quot;, explica. O governo brasileiro estava preocupado com o risco de os radiodifusores transmitirem conte&uacute;dos diferentes em 1 SEG porque alguns modelos de set-top box que ser&atilde;o comercializados no Brasil receber&atilde;o apenas o sinal 1 SEG &#8211; &eacute; o caso daquele produzido pelo cons&oacute;rcio formado por Encore, Telavo e Teikon. O executivo da TV Globo abriu com uma palestra no segundo dia do 7&ordm; Congresso Latino-Americano de Sat&eacute;lites, organizado pela Converge Comunica&ccedil;&otilde;es e Converg&ecirc;ncia Latina, nesta sexta-feira, 21, no Rio de Janeiro. O evento &eacute; promovido pelas revistas TELETIME e TELA VIVA.<\/p>\n<p>Castro lembrou, entretanto, que no Jap&atilde;o est&aacute; se estudando a possibilidade de diversificar o conte&uacute;do transmitido em 1 SEG, adequando-o ao perfil de uso da TV em aparelhos port&aacute;teis. &quot;Existe um novo hor&aacute;rio nobre para os aparelhos port&aacute;teis: &eacute; a hora em que as pessoas est&atilde;o indo e voltando do trabalho. E tamb&eacute;m a hora do almo&ccedil;o&quot;, afirma o executivo da TV Globo. <\/p>\n<p>A defini&ccedil;&atilde;o de imagem em 1 SEG equivale a 25%daquela em SDTV, o que s&oacute; permite a visualiza&ccedil;&atilde;o em telas de no m&aacute;ximo 14 polegadas, mas consegue atingir uma taxa de 30 frames por segundo, o que &eacute; melhor que a maioria dos servi&ccedil;os de streaming oferecidos hoje nos celulares.<br \/>Sobre multiprogama&ccedil;&atilde;o com canais de SDTV, Castro voltou a repetir que dificilmente ela seria interessante do ponto de vista econ&ocirc;mico, j&aacute; que a receita publicit&aacute;ria n&atilde;o sustentaria o projeto. &quot;N&atilde;o haver&aacute; quatro Casas Bahia para anunciar nos quatro canais&quot;, compara.<\/p>\n<p><strong>Sat&eacute;lites<\/p>\n<p><\/strong>A Globo segue em negocia&ccedil;&atilde;o para a compra de mais capacidade satelital para a transmiss&atilde;o em HDTV. &Eacute; essencial que a transmiss&atilde;o seja criptografada, para atender &agrave;s exig&ecirc;ncias dos detentores de direitos sobre os conte&uacute;dos veiculados.<\/p>\n<p>Paralelamente, Castro lembrou que deve aumentar no futuro o uso de fibra &oacute;ptica para a transmiss&atilde;o de eventos em est&aacute;dios. No Rio, com o Pan-Americano, por exemplo, v&aacute;rias arenas esportivas foram equipadas com fibras &oacute;pticas. De qualquer forma, a exig&ecirc;ncia de redund&acirc;ncia da Globo deve garantir ainda links via sat&eacute;lite nessas transmiss&otilde;es.<\/p>\n<p>O executivo da Globo n&atilde;o demonstrou preocupa&ccedil;&atilde;o com a poss&iacute;vel escassez de capacidade satelital na Am&eacute;rica Latina. &quot;As operadoras podem realocar a cobertura de seus sat&eacute;lites para atender regi&otilde;es com aumento de demanda&quot;, explica.<\/p>\n<p>Ainda n&atilde;o se sabe como ser&aacute; feita a migra&ccedil;&atilde;o para HDTV da transmiss&atilde;o que hoje acontece em banda C para cerca de 15 milh&otilde;es de domic&iacute;lios no Brasil. Castro acredita que o tema venha a ser debatido pelo F&oacute;rum do Sistema Brasileiro de TV Digital. <\/p>\n","protected":false},"excerpt":{"rendered":"<p>A transmiss&atilde;o de TV digital que come&ccedil;ar&aacute; em dezembro deste ano ser&aacute; composta tanto de um sinal em alta defini&ccedil;&atilde;o (HDTV) quanto um de baixa defini&ccedil;&atilde;o para aparelhos port&aacute;teis (1 SEG), e ambos ter&atilde;o o mesmo conte&uacute;do da atual TV anal&oacute;gica. Quem garante &eacute; o gerente do departamento de projetos de transmiss&atilde;o digital da TV &hellip; <a href=\"https:\/\/obscom.intervozes.org.br\/?p=19306\" class=\"more-link\">Continue lendo <span class=\"screen-reader-text\">Canal m\u00f3vel ter\u00e1 mesmo conte\u00fado da HDTV, diz Globo<\/span> <span class=\"meta-nav\">&rarr;<\/span><\/a><\/p>\n","protected":false},"author":1,"featured_media":0,"comment_status":"open","ping_status":"open","sticky":false,"template":"","format":"standard","meta":{"footnotes":""},"categories":[40],"tags":[79],"_links":{"self":[{"href":"https:\/\/obscom.intervozes.org.br\/index.php?rest_route=\/wp\/v2\/posts\/19306"}],"collection":[{"href":"https:\/\/obscom.intervozes.org.br\/index.php?rest_route=\/wp\/v2\/posts"}],"about":[{"href":"https:\/\/obscom.intervozes.org.br\/index.php?rest_route=\/wp\/v2\/types\/post"}],"author":[{"embeddable":true,"href":"https:\/\/obscom.intervozes.org.br\/index.php?rest_route=\/wp\/v2\/users\/1"}],"replies":[{"embeddable":true,"href":"https:\/\/obscom.intervozes.org.br\/index.php?rest_route=%2Fwp%2Fv2%2Fcomments&post=19306"}],"version-history":[{"count":0,"href":"https:\/\/obscom.intervozes.org.br\/index.php?rest_route=\/wp\/v2\/posts\/19306\/revisions"}],"wp:attachment":[{"href":"https:\/\/obscom.intervozes.org.br\/index.php?rest_route=%2Fwp%2Fv2%2Fmedia&parent=19306"}],"wp:term":[{"taxonomy":"category","embeddable":true,"href":"https:\/\/obscom.intervozes.org.br\/index.php?rest_route=%2Fwp%2Fv2%2Fcategories&post=19306"},{"taxonomy":"post_tag","embeddable":true,"href":"https:\/\/obscom.intervozes.org.br\/index.php?rest_route=%2Fwp%2Fv2%2Ftags&post=19306"}],"curies":[{"name":"wp","href":"https:\/\/api.w.org\/{rel}","templated":true}]}}