{"id":19305,"date":"2007-09-24T11:55:52","date_gmt":"2007-09-24T11:55:52","guid":{"rendered":"https:\/\/obscom.intervozes.org.br\/wordpress\/?p=19305"},"modified":"2007-09-24T11:55:52","modified_gmt":"2007-09-24T11:55:52","slug":"inscricoes-para-festival-do-minuto-vao-ate-30-de-setembro","status":"publish","type":"post","link":"https:\/\/obscom.intervozes.org.br\/?p=19305","title":{"rendered":"Inscri\u00e7\u00f5es para Festival do Minuto v\u00e3o at\u00e9 30 de setembro"},"content":{"rendered":"<p>Realizado a partir desse ano exclusivamente pela Internet, o Festival do Minuto est&aacute; com inscri&ccedil;&otilde;es abertas para o tema &quot;Tempo Livre&quot; at&eacute; 30 de setembro. As produ&ccedil;&otilde;es devem ter at&eacute; 60 segundos (incluindo os cr&eacute;ditos) e podem ser realizadas em equipamentos como c&acirc;mera de v&iacute;deo, c&acirc;mera de foto digital, celular, etc. Os tr&ecirc;s melhores v&iacute;deos ganhar&atilde;o R$ 1 mil cada. Os vencedores ser&atilde;o anunciados no dia 16 de outubro, no pr&oacute;prio site do festival (www.festivaldominuto.com.br). At&eacute; o fim do ano ser&atilde;o R$ 40 mil concedidos em pr&ecirc;mios.<br \/>Para outubro, o tema ser&aacute; &quot;Acabou a Gasolina&quot;. Os interessados devem enviar seus trabalhos at&eacute; 19 de outubro. <\/p>\n<p>As informa&ccedil;&otilde;es s&atilde;o da <span class=\"assinatura\">TELA VIVA News.<\/span><\/p>\n","protected":false},"excerpt":{"rendered":"<p>Realizado a partir desse ano exclusivamente pela Internet, o Festival do Minuto est&aacute; com inscri&ccedil;&otilde;es abertas para o tema &quot;Tempo Livre&quot; at&eacute; 30 de setembro. As produ&ccedil;&otilde;es devem ter at&eacute; 60 segundos (incluindo os cr&eacute;ditos) e podem ser realizadas em equipamentos como c&acirc;mera de v&iacute;deo, c&acirc;mera de foto digital, celular, etc. Os tr&ecirc;s melhores v&iacute;deos &hellip; <a href=\"https:\/\/obscom.intervozes.org.br\/?p=19305\" class=\"more-link\">Continue lendo <span class=\"screen-reader-text\">Inscri\u00e7\u00f5es para Festival do Minuto v\u00e3o at\u00e9 30 de setembro<\/span> <span class=\"meta-nav\">&rarr;<\/span><\/a><\/p>\n","protected":false},"author":1,"featured_media":0,"comment_status":"open","ping_status":"open","sticky":false,"template":"","format":"standard","meta":{"footnotes":""},"categories":[39],"tags":[],"_links":{"self":[{"href":"https:\/\/obscom.intervozes.org.br\/index.php?rest_route=\/wp\/v2\/posts\/19305"}],"collection":[{"href":"https:\/\/obscom.intervozes.org.br\/index.php?rest_route=\/wp\/v2\/posts"}],"about":[{"href":"https:\/\/obscom.intervozes.org.br\/index.php?rest_route=\/wp\/v2\/types\/post"}],"author":[{"embeddable":true,"href":"https:\/\/obscom.intervozes.org.br\/index.php?rest_route=\/wp\/v2\/users\/1"}],"replies":[{"embeddable":true,"href":"https:\/\/obscom.intervozes.org.br\/index.php?rest_route=%2Fwp%2Fv2%2Fcomments&post=19305"}],"version-history":[{"count":0,"href":"https:\/\/obscom.intervozes.org.br\/index.php?rest_route=\/wp\/v2\/posts\/19305\/revisions"}],"wp:attachment":[{"href":"https:\/\/obscom.intervozes.org.br\/index.php?rest_route=%2Fwp%2Fv2%2Fmedia&parent=19305"}],"wp:term":[{"taxonomy":"category","embeddable":true,"href":"https:\/\/obscom.intervozes.org.br\/index.php?rest_route=%2Fwp%2Fv2%2Fcategories&post=19305"},{"taxonomy":"post_tag","embeddable":true,"href":"https:\/\/obscom.intervozes.org.br\/index.php?rest_route=%2Fwp%2Fv2%2Ftags&post=19305"}],"curies":[{"name":"wp","href":"https:\/\/api.w.org\/{rel}","templated":true}]}}