{"id":19283,"date":"2007-09-20T09:56:49","date_gmt":"2007-09-20T09:56:49","guid":{"rendered":"https:\/\/obscom.intervozes.org.br\/wordpress\/?p=19283"},"modified":"2007-09-20T09:56:49","modified_gmt":"2007-09-20T09:56:49","slug":"walter-pinheiro-quer-agendar-ja-conferencia-de-comunicacao","status":"publish","type":"post","link":"https:\/\/obscom.intervozes.org.br\/?p=19283","title":{"rendered":"Walter Pinheiro quer agendar j\u00e1 Confer\u00eancia de Comunica\u00e7\u00e3o"},"content":{"rendered":"<p>O deputado Walter Pinheiro (PT\/BA), disse nesta quarta, 19, no encerramento da Confer&ecirc;ncia Nacional Preparat&oacute;ria de Comunica&ccedil;&otilde;es, que a Comiss&atilde;o de Comunica&ccedil;&atilde;o da C&acirc;mara deve votar, j&aacute; na pr&oacute;xima semana, o requerimento para que seja agendada imediatamente a realiza&ccedil;&atilde;o da grande Confer&ecirc;ncia Nacional de Comunica&ccedil;&otilde;es.<\/p>\n","protected":false},"excerpt":{"rendered":"<p>O deputado Walter Pinheiro (PT\/BA), disse nesta quarta, 19, no encerramento da Confer&ecirc;ncia Nacional Preparat&oacute;ria de Comunica&ccedil;&otilde;es, que a Comiss&atilde;o de Comunica&ccedil;&atilde;o da C&acirc;mara deve votar, j&aacute; na pr&oacute;xima semana, o requerimento para que seja agendada imediatamente a realiza&ccedil;&atilde;o da grande Confer&ecirc;ncia Nacional de Comunica&ccedil;&otilde;es.<\/p>\n","protected":false},"author":1,"featured_media":0,"comment_status":"open","ping_status":"open","sticky":false,"template":"","format":"standard","meta":{"footnotes":""},"categories":[39],"tags":[],"_links":{"self":[{"href":"https:\/\/obscom.intervozes.org.br\/index.php?rest_route=\/wp\/v2\/posts\/19283"}],"collection":[{"href":"https:\/\/obscom.intervozes.org.br\/index.php?rest_route=\/wp\/v2\/posts"}],"about":[{"href":"https:\/\/obscom.intervozes.org.br\/index.php?rest_route=\/wp\/v2\/types\/post"}],"author":[{"embeddable":true,"href":"https:\/\/obscom.intervozes.org.br\/index.php?rest_route=\/wp\/v2\/users\/1"}],"replies":[{"embeddable":true,"href":"https:\/\/obscom.intervozes.org.br\/index.php?rest_route=%2Fwp%2Fv2%2Fcomments&post=19283"}],"version-history":[{"count":0,"href":"https:\/\/obscom.intervozes.org.br\/index.php?rest_route=\/wp\/v2\/posts\/19283\/revisions"}],"wp:attachment":[{"href":"https:\/\/obscom.intervozes.org.br\/index.php?rest_route=%2Fwp%2Fv2%2Fmedia&parent=19283"}],"wp:term":[{"taxonomy":"category","embeddable":true,"href":"https:\/\/obscom.intervozes.org.br\/index.php?rest_route=%2Fwp%2Fv2%2Fcategories&post=19283"},{"taxonomy":"post_tag","embeddable":true,"href":"https:\/\/obscom.intervozes.org.br\/index.php?rest_route=%2Fwp%2Fv2%2Ftags&post=19283"}],"curies":[{"name":"wp","href":"https:\/\/api.w.org\/{rel}","templated":true}]}}