{"id":19274,"date":"2007-09-19T15:24:05","date_gmt":"2007-09-19T15:24:05","guid":{"rendered":"https:\/\/obscom.intervozes.org.br\/wordpress\/?p=19274"},"modified":"2007-09-19T15:24:05","modified_gmt":"2007-09-19T15:24:05","slug":"ministerio-das-comunicacoes-pretende-gastar-r-1-bi-do-fust","status":"publish","type":"post","link":"https:\/\/obscom.intervozes.org.br\/?p=19274","title":{"rendered":"Minist\u00e9rio das Comunica\u00e7\u00f5es pretende gastar R$ 1 bi do Fust"},"content":{"rendered":"<p>O Minist&eacute;rio das Comunica&ccedil;&otilde;es remeteu &agrave; Casa Civil e ao Tribunal de Contas da Uni&atilde;o (TCU) oito projetos de utiliza&ccedil;&atilde;o dos recursos do Fundo de Universaliza&ccedil;&atilde;o dos Servi&ccedil;os de Telecomunica&ccedil;&otilde;es (Fust) em quatro &aacute;reas &#8211; sa&uacute;de, educa&ccedil;&atilde;o, seguran&ccedil;a e telefonia rural. <\/p>\n<p>Se aprovados,os projetos dever&atilde;o consumir cerca de R$ 1 bilh&atilde;o. &#39;Ainda esperamos fazer, em 2007, a aplica&ccedil;&atilde;o do primeiro lote de recursos&#39;, afirmou ontem o ministro das Comunica&ccedil;&otilde;es, H&eacute;lio Costa. <\/p>\n<p>O Fust &eacute; um encargo cobrado diretamente no faturamento das operadoras de telefonia e j&aacute; recolheu mais de R$ 6 bilh&otilde;es desde a sua cria&ccedil;&atilde;o, no ano 2000. No in&iacute;cio de setembro, a Ag&ecirc;ncia Nacional de Telecomunica&ccedil;&otilde;es (Anatel) e as cinco concession&aacute;rias de telefonia fixa local assinaram o primeiro termo de compromisso de uso das verbas provenientes do Fust. Ser&atilde;o R$ 7 milh&otilde;es destinados &agrave; instala&ccedil;&atilde;o gratuita de linhas telef&ocirc;nicas adaptadas para pessoas com defici&ecirc;ncia auditiva. <\/p>\n<p>O ministro H&eacute;lio Costa reconheceu que a aplica&ccedil;&atilde;o liberada &eacute; de pequeno valor, mas simb&oacute;lica, por se tratar de seu primeiro investimento. <\/p>\n<p>Al&eacute;m dos projetos do Fust, H&eacute;lio Costa fez outra promessa. At&eacute; o fim do m&ecirc;s, segundo o ministro, sair&atilde;o os editais da Financiadora de Estudos e Projetos (Finep) para autorizar investimentos de R$ 82 milh&otilde;es com recursos do Fundo para o Desenvolvimento Tecnol&oacute;gico das Comunica&ccedil;&otilde;es (Funtel). <\/p>\n<p>Tr&ecirc;s &aacute;reas foram definidas como priorit&aacute;rias pelo Minist&eacute;rio das Comunica&ccedil;&otilde;es: plataforma para presta&ccedil;&atilde;o de servi&ccedil;o sobre protocolo IP (atrav&eacute;s da internet), tecnologias sem fio e plataformas para produ&ccedil;&atilde;o e difus&atilde;o de conte&uacute;do digital. <\/p>\n<p>A atualiza&ccedil;&atilde;o do marco regulat&oacute;rio e o futuro do setor foram debatidos ontem na Confer&ecirc;ncia Nacional Preparat&oacute;ria de Comunica&ccedil;&otilde;es, na C&acirc;mara dos Deputados. Na abertura do evento, H&eacute;lio Costa deixou claro que ser&aacute; preciso &#39;um ano ou mais&#39; para avan&ccedil;ar nas discuss&otilde;es de uma nova lei para o setor. <\/p>\n<p>Ele frisou que a Lei Geral de Telecomunica&ccedil;&otilde;es (LGT) n&atilde;o est&aacute; preparada para as inova&ccedil;&otilde;es tecnol&oacute;gicas que surgiram nos &uacute;ltimos anos. Por isso, afirmou, n&atilde;o consegue conciliar a defesa da competi&ccedil;&atilde;o com universaliza&ccedil;&atilde;o em v&aacute;rias &aacute;reas. <\/p>\n<p>O presidente da Anatel, Ronaldo Sardenberg, defendeu a perman&ecirc;ncia da radiodifus&atilde;o nas m&atilde;os de empresas com capital nacional, como ocorre atualmente. Ele tamb&eacute;m fez a defesa de uma licen&ccedil;a &uacute;nica para a opera&ccedil;&atilde;o de servi&ccedil;os de televis&atilde;o por assinatura. &#39;Em boa parte dos pa&iacute;ses desenvolvidos, a regulamenta&ccedil;&atilde;o dos servi&ccedil;os de comunica&ccedil;&atilde;o de massa j&aacute; foi adequada para acompanhar o avan&ccedil;o do processo de converg&ecirc;ncia&#39;, afirmou Sardenberg, que criticou a demora na atualiza&ccedil;&atilde;o das leis. <\/p>\n<p>A Anatel divulgou ontem dados preliminares sobre a venda de aparelhos de telefone celular no m&ecirc;s de agosto. Segundo a ag&ecirc;ncia, foram habilitados 2,41 milh&otilde;es de aparelhos no m&ecirc;s passado. O Brasil, com isso, j&aacute; soma 110,9 milh&otilde;es de celulares ativados, n&uacute;mero 2,2% superior ao do m&ecirc;s de julho, segundo o &oacute;rg&atilde;o regulador. <\/p>\n","protected":false},"excerpt":{"rendered":"<p>O Minist&eacute;rio das Comunica&ccedil;&otilde;es remeteu &agrave; Casa Civil e ao Tribunal de Contas da Uni&atilde;o (TCU) oito projetos de utiliza&ccedil;&atilde;o dos recursos do Fundo de Universaliza&ccedil;&atilde;o dos Servi&ccedil;os de Telecomunica&ccedil;&otilde;es (Fust) em quatro &aacute;reas &#8211; sa&uacute;de, educa&ccedil;&atilde;o, seguran&ccedil;a e telefonia rural. Se aprovados,os projetos dever&atilde;o consumir cerca de R$ 1 bilh&atilde;o. &#39;Ainda esperamos fazer, em &hellip; <a href=\"https:\/\/obscom.intervozes.org.br\/?p=19274\" class=\"more-link\">Continue lendo <span class=\"screen-reader-text\">Minist\u00e9rio das Comunica\u00e7\u00f5es pretende gastar R$ 1 bi do Fust<\/span> <span class=\"meta-nav\">&rarr;<\/span><\/a><\/p>\n","protected":false},"author":1,"featured_media":0,"comment_status":"open","ping_status":"open","sticky":false,"template":"","format":"standard","meta":{"footnotes":""},"categories":[40],"tags":[81],"_links":{"self":[{"href":"https:\/\/obscom.intervozes.org.br\/index.php?rest_route=\/wp\/v2\/posts\/19274"}],"collection":[{"href":"https:\/\/obscom.intervozes.org.br\/index.php?rest_route=\/wp\/v2\/posts"}],"about":[{"href":"https:\/\/obscom.intervozes.org.br\/index.php?rest_route=\/wp\/v2\/types\/post"}],"author":[{"embeddable":true,"href":"https:\/\/obscom.intervozes.org.br\/index.php?rest_route=\/wp\/v2\/users\/1"}],"replies":[{"embeddable":true,"href":"https:\/\/obscom.intervozes.org.br\/index.php?rest_route=%2Fwp%2Fv2%2Fcomments&post=19274"}],"version-history":[{"count":0,"href":"https:\/\/obscom.intervozes.org.br\/index.php?rest_route=\/wp\/v2\/posts\/19274\/revisions"}],"wp:attachment":[{"href":"https:\/\/obscom.intervozes.org.br\/index.php?rest_route=%2Fwp%2Fv2%2Fmedia&parent=19274"}],"wp:term":[{"taxonomy":"category","embeddable":true,"href":"https:\/\/obscom.intervozes.org.br\/index.php?rest_route=%2Fwp%2Fv2%2Fcategories&post=19274"},{"taxonomy":"post_tag","embeddable":true,"href":"https:\/\/obscom.intervozes.org.br\/index.php?rest_route=%2Fwp%2Fv2%2Ftags&post=19274"}],"curies":[{"name":"wp","href":"https:\/\/api.w.org\/{rel}","templated":true}]}}