{"id":19272,"date":"2007-09-19T14:39:36","date_gmt":"2007-09-19T14:39:36","guid":{"rendered":"https:\/\/obscom.intervozes.org.br\/wordpress\/?p=19272"},"modified":"2007-09-19T14:39:36","modified_gmt":"2007-09-19T14:39:36","slug":"fundacao-padre-anchieta-anuncia-demissao-de-68-funcionarios","status":"publish","type":"post","link":"https:\/\/obscom.intervozes.org.br\/?p=19272","title":{"rendered":"Funda\u00e7\u00e3o Padre Anchieta anuncia demiss\u00e3o de 68 funcion\u00e1rios"},"content":{"rendered":"<p>Em nota divulgada &agrave; imprensa, nesta ter&ccedil;a-feira (18), a Funda&ccedil;&atilde;o Padre Anchieta anunciou ter encerrado, na &uacute;ltima segunda-feira (17), o contrato de trabalho de 68 funcion&aacute;rios, entre eles 16 da equipe de jornalismo. <\/p>\n<p>Segundo informou a assessoria de imprensa da TV Cultura, as dispensas fazem parte do projeto de reestrutura&ccedil;&atilde;o da Institui&ccedil;&atilde;o &#8211; as demiss&otilde;es devem reduzir em R$ 600 mil reais mensais o custo da Funda&ccedil;&atilde;o com pessoal, o que equivale a R$ 7,2 milh&otilde;es ao ano. <\/p>\n<p>Em carta enviada aos funcion&aacute;rios, o diretor-presidente da Funda&ccedil;&atilde;o Padre Anchieta, Paulo Markun, afirma n&atilde;o estar sendo f&aacute;cil enfrentar esse processo, &#39;especialmente no caso desta presid&ecirc;ncia que completa tr&ecirc;s meses de mandato&#39;. Para Markun, apesar de &#39;duras e amargas&#39;, estas medidas podem ser melhor compreendidas sob a perspectiva de que a dire&ccedil;&atilde;o pretende &#39;assegurar um futuro s&oacute;lido paraa institui&ccedil;&atilde;o que completa 40 anos e tem, como seus acionistas, 41 milh&otilde;es de paulistas que pagam impostos e contribuem com metade dos recursos utilizados em nosso custeio&#39;. <\/p>\n<p>Segundo apurou o Portal Imprensa, a reestrutura&ccedil;&atilde;o n&atilde;o dever&aacute; interferir na programa&ccedil;&atilde;o da TV Cultura,da TV R&aacute; Tim Bum e das R&aacute;dios FM e AM. <\/p>\n<p><u>Confira abaixo a &iacute;ntegra da carta enviada aos funcion&aacute;rios por Paulo Markun <\/u><\/p>\n<p><strong>A todos os funcion&aacute;rios. <\/strong><\/p>\n<p>&nbsp;<\/p>\n<p>Nesta data, estamos desligando do nosso quadro funcional um n&uacute;mero expressivo de profissionais, alguns deles com d&eacute;cadas de trabalho e dedica&ccedil;&atilde;o &agrave; Funda&ccedil;&atilde;o Padre Anchieta. <\/p>\n<p>Nunca &eacute; f&aacute;cil enfrentar tal circunst&acirc;ncia, especialmente no caso desta presid&ecirc;ncia que completa tr&ecirc;s meses de mandato. Tempo aplicado na realiza&ccedil;&atilde;o de um primeiro diagn&oacute;stico administrativo, bem como em mudan&ccedil;as no organograma e modelo de gest&atilde;o. <\/p>\n<p>Nosso objetivo &eacute; assegurar um futuro s&oacute;lido para a institui&ccedil;&atilde;o que completa 40 anos e tem, como seus acionistas, 41 milh&otilde;es de paulistas que pagam impostos e contribuem com metade dos recursos utilizados em nosso custeio. <\/p>\n<p>Acreditamos que estas medidas, duras e amargas, poder&atilde;o ser melhor compreendidas e assimiladas nessa perspectiva. <\/p>\n<p>Atenciosamente, <\/p>\n<p>&nbsp;<\/p>\n<p>Paulo Markun <br \/>Diretor-presidente <br \/>Funda&ccedil;&atilde;o Padre Anchieta<\/p>\n","protected":false},"excerpt":{"rendered":"<p>Em nota divulgada &agrave; imprensa, nesta ter&ccedil;a-feira (18), a Funda&ccedil;&atilde;o Padre Anchieta anunciou ter encerrado, na &uacute;ltima segunda-feira (17), o contrato de trabalho de 68 funcion&aacute;rios, entre eles 16 da equipe de jornalismo. Segundo informou a assessoria de imprensa da TV Cultura, as dispensas fazem parte do projeto de reestrutura&ccedil;&atilde;o da Institui&ccedil;&atilde;o &#8211; as demiss&otilde;es &hellip; <a href=\"https:\/\/obscom.intervozes.org.br\/?p=19272\" class=\"more-link\">Continue lendo <span class=\"screen-reader-text\">Funda\u00e7\u00e3o Padre Anchieta anuncia demiss\u00e3o de 68 funcion\u00e1rios<\/span> <span class=\"meta-nav\">&rarr;<\/span><\/a><\/p>\n","protected":false},"author":1,"featured_media":0,"comment_status":"open","ping_status":"open","sticky":false,"template":"","format":"standard","meta":{"footnotes":""},"categories":[40],"tags":[201],"_links":{"self":[{"href":"https:\/\/obscom.intervozes.org.br\/index.php?rest_route=\/wp\/v2\/posts\/19272"}],"collection":[{"href":"https:\/\/obscom.intervozes.org.br\/index.php?rest_route=\/wp\/v2\/posts"}],"about":[{"href":"https:\/\/obscom.intervozes.org.br\/index.php?rest_route=\/wp\/v2\/types\/post"}],"author":[{"embeddable":true,"href":"https:\/\/obscom.intervozes.org.br\/index.php?rest_route=\/wp\/v2\/users\/1"}],"replies":[{"embeddable":true,"href":"https:\/\/obscom.intervozes.org.br\/index.php?rest_route=%2Fwp%2Fv2%2Fcomments&post=19272"}],"version-history":[{"count":0,"href":"https:\/\/obscom.intervozes.org.br\/index.php?rest_route=\/wp\/v2\/posts\/19272\/revisions"}],"wp:attachment":[{"href":"https:\/\/obscom.intervozes.org.br\/index.php?rest_route=%2Fwp%2Fv2%2Fmedia&parent=19272"}],"wp:term":[{"taxonomy":"category","embeddable":true,"href":"https:\/\/obscom.intervozes.org.br\/index.php?rest_route=%2Fwp%2Fv2%2Fcategories&post=19272"},{"taxonomy":"post_tag","embeddable":true,"href":"https:\/\/obscom.intervozes.org.br\/index.php?rest_route=%2Fwp%2Fv2%2Ftags&post=19272"}],"curies":[{"name":"wp","href":"https:\/\/api.w.org\/{rel}","templated":true}]}}