{"id":19268,"date":"2007-09-19T11:37:47","date_gmt":"2007-09-19T11:37:47","guid":{"rendered":"https:\/\/obscom.intervozes.org.br\/wordpress\/?p=19268"},"modified":"2007-09-19T11:37:47","modified_gmt":"2007-09-19T11:37:47","slug":"pesquisador-defende-revisao-do-capitulo-constitucional-da-comunicacao","status":"publish","type":"post","link":"https:\/\/obscom.intervozes.org.br\/?p=19268","title":{"rendered":"Pesquisador defende revis\u00e3o do cap\u00edtulo constitucional da comunica\u00e7\u00e3o"},"content":{"rendered":"<p>Participando de uma das mesas que comp&otilde;em a Confer&ecirc;ncia Preparat&oacute;ria de Comunica&ccedil;&otilde;es, o coordenador do Laborat&oacute;rio de &#39;Pol&iacute;ticas P&uacute;blicas de Comunica&ccedil;&atilde;o da Universidade de Bras&iacute;lia (Lapcom &#8211; UnB), Murilo Ramos, defendeu que a revis&atilde;o da legisla&ccedil;&atilde;o em pauta no evento deve abranger os artigos constitucionais que disciplinam a &aacute;rea. A Carta Magna possui um cap&iacute;tulo &quot;Da Comunica&ccedil;&atilde;o Social&quot; que vai do artigo 220 ao 224.<\/p>\n<p>Segundo Ramos, para regular as comunica&ccedil;&otilde;es no cen&aacute;rio de converg&ecirc;ncia n&atilde;o bastam apenas ajustes nas leis existentes, como apontaram v&aacute;rios outros participantes da Confer&ecirc;ncia Preparat&oacute;ria. Ele lembrou a hist&oacute;ria da elabora&ccedil;&agrave;o do cap&iacute;tulo, marcada por fortes disputas e que teve como resultado uma s&eacute;rie de normas que se n&atilde;o chegam a ser contradit&oacute;rias entre si apresentam uma &quot;polifonia conceitual&quot;. Como exemplo, citou os diversos termos envolvendo os conceitos de &quot;comunica&ccedil;&atilde;o&quot; e &quot;meios de comunica&ccedil;&atilde;o&quot; presentes na Constitui&ccedil;&atilde;o.<\/p>\n<p>Murilo Ramos defendeu que para realizar uma agenda do s&eacute;culo XXI, &eacute; preciso lidar com os pontos inconclusos do s&eacute;culo XX. Entre eles as esquizofrenias do sistema de outorgas no Pa&iacute;s. Somente no Brasil, criticou, os prazos de concess&otilde;es, o qu&oacute;rum para sua n&atilde;o renova&ccedil;&atilde;o e a limita&ccedil;&atilde;o de sua peremp&ccedil;&atilde;o a uma decis&atilde;o judicial est&atilde;o na Constitui&ccedil;&atilde;o. Fazendo refer&ecirc;ncia &agrave; falta de obriga&ccedil;&otilde;es das concession&aacute;rias e permission&aacute;rias do servi&ccedil;o de radiodifus&atilde;o, lan&ccedil;ou um desafio aos presentes para que apresentassem um contrato de outorga de r&aacute;dio ou televis&atilde;o. &quot;O contrato &eacute; instrumento b&aacute;sico de qualquer servi&ccedil;o p&uacute;blico, ele estipula deveres e direitos. mas na radiodifus&atilde;o sequer podemos conhecer um contrato&quot;, provocou.<\/p>\n<p>Ao final de sua fala, Murilo Ramos defendeu que este debate, condi&ccedil;&atilde;o a qualquer nova regula&ccedil;&atilde;o para o setor de comunica&ccedil;&otilde;es, deve ser feito em uma Confer&ecirc;ncia de comunica&ccedil;&atilde;o que seja ampla e participativa, envolvendo a popula&ccedil;&atilde;o organizada dos munic&iacute;pios at&eacute; uma etapa nacional.<\/p>\n","protected":false},"excerpt":{"rendered":"<p>Participando de uma das mesas que comp&otilde;em a Confer&ecirc;ncia Preparat&oacute;ria de Comunica&ccedil;&otilde;es, o coordenador do Laborat&oacute;rio de &#39;Pol&iacute;ticas P&uacute;blicas de Comunica&ccedil;&atilde;o da Universidade de Bras&iacute;lia (Lapcom &#8211; UnB), Murilo Ramos, defendeu que a revis&atilde;o da legisla&ccedil;&atilde;o em pauta no evento deve abranger os artigos constitucionais que disciplinam a &aacute;rea. A Carta Magna possui um cap&iacute;tulo &hellip; <a href=\"https:\/\/obscom.intervozes.org.br\/?p=19268\" class=\"more-link\">Continue lendo <span class=\"screen-reader-text\">Pesquisador defende revis\u00e3o do cap\u00edtulo constitucional da comunica\u00e7\u00e3o<\/span> <span class=\"meta-nav\">&rarr;<\/span><\/a><\/p>\n","protected":false},"author":1,"featured_media":0,"comment_status":"open","ping_status":"open","sticky":false,"template":"","format":"standard","meta":{"footnotes":""},"categories":[39],"tags":[],"_links":{"self":[{"href":"https:\/\/obscom.intervozes.org.br\/index.php?rest_route=\/wp\/v2\/posts\/19268"}],"collection":[{"href":"https:\/\/obscom.intervozes.org.br\/index.php?rest_route=\/wp\/v2\/posts"}],"about":[{"href":"https:\/\/obscom.intervozes.org.br\/index.php?rest_route=\/wp\/v2\/types\/post"}],"author":[{"embeddable":true,"href":"https:\/\/obscom.intervozes.org.br\/index.php?rest_route=\/wp\/v2\/users\/1"}],"replies":[{"embeddable":true,"href":"https:\/\/obscom.intervozes.org.br\/index.php?rest_route=%2Fwp%2Fv2%2Fcomments&post=19268"}],"version-history":[{"count":0,"href":"https:\/\/obscom.intervozes.org.br\/index.php?rest_route=\/wp\/v2\/posts\/19268\/revisions"}],"wp:attachment":[{"href":"https:\/\/obscom.intervozes.org.br\/index.php?rest_route=%2Fwp%2Fv2%2Fmedia&parent=19268"}],"wp:term":[{"taxonomy":"category","embeddable":true,"href":"https:\/\/obscom.intervozes.org.br\/index.php?rest_route=%2Fwp%2Fv2%2Fcategories&post=19268"},{"taxonomy":"post_tag","embeddable":true,"href":"https:\/\/obscom.intervozes.org.br\/index.php?rest_route=%2Fwp%2Fv2%2Ftags&post=19268"}],"curies":[{"name":"wp","href":"https:\/\/api.w.org\/{rel}","templated":true}]}}