{"id":19266,"date":"2007-09-18T16:21:08","date_gmt":"2007-09-18T16:21:08","guid":{"rendered":"https:\/\/obscom.intervozes.org.br\/wordpress\/?p=19266"},"modified":"2007-09-18T16:21:08","modified_gmt":"2007-09-18T16:21:08","slug":"bittar-diz-que-seu-substitutivo-vai-so-atualizar-a-lei-geral-de-telecomunicacoes","status":"publish","type":"post","link":"https:\/\/obscom.intervozes.org.br\/?p=19266","title":{"rendered":"Bittar diz que seu substitutivo vai s\u00f3 atualizar a Lei Geral de Telecomunica\u00e7\u00f5es"},"content":{"rendered":"<p><span>Segundo o deputado Jorge Bittar (PT-RJ), relator dos projetos sobre o tema que tramitam na C&acirc;mara dos Deputados, a Constitui&ccedil;&atilde;o trata em separado o C&oacute;digo Brasileiro de Radiodifus&atilde;o, de 1962. Por isso, n&atilde;o haveria como discutir a atualiza&ccedil;&atilde;o juntamente com o projeto que renova a Lei Geral de Telecomunica&ccedil;&otilde;es de 1997. &ldquo;Posteriormente vamos ter que cuidar de uma legisla&ccedil;&atilde;o mais moderna para o r&aacute;dio e a televis&atilde;o&rdquo;, disse o deputado durante a Confer&ecirc;ncia Preparat&oacute;ria Nacional de Comunica&ccedil;&otilde;es.<\/span><\/p>\n","protected":false},"excerpt":{"rendered":"<p>Segundo o deputado Jorge Bittar (PT-RJ), relator dos projetos sobre o tema que tramitam na C&acirc;mara dos Deputados, a Constitui&ccedil;&atilde;o trata em separado o C&oacute;digo Brasileiro de Radiodifus&atilde;o, de 1962. Por isso, n&atilde;o haveria como discutir a atualiza&ccedil;&atilde;o juntamente com o projeto que renova a Lei Geral de Telecomunica&ccedil;&otilde;es de 1997. &ldquo;Posteriormente vamos ter que &hellip; <a href=\"https:\/\/obscom.intervozes.org.br\/?p=19266\" class=\"more-link\">Continue lendo <span class=\"screen-reader-text\">Bittar diz que seu substitutivo vai s\u00f3 atualizar a Lei Geral de Telecomunica\u00e7\u00f5es<\/span> <span class=\"meta-nav\">&rarr;<\/span><\/a><\/p>\n","protected":false},"author":1,"featured_media":0,"comment_status":"open","ping_status":"open","sticky":false,"template":"","format":"standard","meta":{"footnotes":""},"categories":[39],"tags":[],"_links":{"self":[{"href":"https:\/\/obscom.intervozes.org.br\/index.php?rest_route=\/wp\/v2\/posts\/19266"}],"collection":[{"href":"https:\/\/obscom.intervozes.org.br\/index.php?rest_route=\/wp\/v2\/posts"}],"about":[{"href":"https:\/\/obscom.intervozes.org.br\/index.php?rest_route=\/wp\/v2\/types\/post"}],"author":[{"embeddable":true,"href":"https:\/\/obscom.intervozes.org.br\/index.php?rest_route=\/wp\/v2\/users\/1"}],"replies":[{"embeddable":true,"href":"https:\/\/obscom.intervozes.org.br\/index.php?rest_route=%2Fwp%2Fv2%2Fcomments&post=19266"}],"version-history":[{"count":0,"href":"https:\/\/obscom.intervozes.org.br\/index.php?rest_route=\/wp\/v2\/posts\/19266\/revisions"}],"wp:attachment":[{"href":"https:\/\/obscom.intervozes.org.br\/index.php?rest_route=%2Fwp%2Fv2%2Fmedia&parent=19266"}],"wp:term":[{"taxonomy":"category","embeddable":true,"href":"https:\/\/obscom.intervozes.org.br\/index.php?rest_route=%2Fwp%2Fv2%2Fcategories&post=19266"},{"taxonomy":"post_tag","embeddable":true,"href":"https:\/\/obscom.intervozes.org.br\/index.php?rest_route=%2Fwp%2Fv2%2Ftags&post=19266"}],"curies":[{"name":"wp","href":"https:\/\/api.w.org\/{rel}","templated":true}]}}