{"id":19265,"date":"2007-09-18T16:07:50","date_gmt":"2007-09-18T16:07:50","guid":{"rendered":"https:\/\/obscom.intervozes.org.br\/wordpress\/?p=19265"},"modified":"2007-09-18T16:07:50","modified_gmt":"2007-09-18T16:07:50","slug":"legislacao-brasileira-sobre-telecomunicacoes-e-obsoleta-afirma-sardenberg","status":"publish","type":"post","link":"https:\/\/obscom.intervozes.org.br\/?p=19265","title":{"rendered":"Legisla\u00e7\u00e3o brasileira sobre telecomunica\u00e7\u00f5es \u00e9 obsoleta, afirma Sardenberg"},"content":{"rendered":"<p style=\"margin: 0cm 0cm 0pt\" class=\"MsoNormal\"><span>O presidente da Ag&ecirc;ncia Nacional de Telecomunica&ccedil;&otilde;es (Anatel), Ronaldo Mota Sardenberg, defendeu hoje (18) a atualiza&ccedil;&atilde;o da legisla&ccedil;&atilde;o sobre o setor no Brasil. Para ele, o pa&iacute;s est&aacute; atrasado em rela&ccedil;&atilde;o a outros pa&iacute;ses. Sardenberg participou da Confer&ecirc;ncia Nacional Preparat&oacute;ria de Comunica&ccedil;&otilde;es, na C&acirc;mara dos Deputados.<\/p>\n<p><\/span><span>&ldquo;Em boa parte dos pa&iacute;ses desenvolvidos, a regulamenta&ccedil;&atilde;o dos servi&ccedil;os de comunica&ccedil;&atilde;o de massa est&aacute; sendo adequada ou j&aacute; foi, com vistas a acompanhar o avan&ccedil;o do processo de converg&ecirc;ncia tecnol&oacute;gica. Entre n&oacute;s, tal obsolesc&ecirc;ncia da legisla&ccedil;&atilde;o, que decorre da obsolesc&ecirc;ncia da pr&oacute;pria tecnologia regulada, come&ccedil;a a dificultar o adequado aproveitamento dos avan&ccedil;os e seu mais amplo acesso pela sociedade&rdquo;, disse ele. <\/p>\n<p><\/span><span>O executivo da Anatel levantou como tema de debate a discuss&atilde;o de que se a nova regulamenta&ccedil;&atilde;o para o setor deve reunir a radiodifus&atilde;o e os servi&ccedil;os de telecomunica&ccedil;&otilde;es. Atualmente, est&aacute; em tramita&ccedil;&atilde;o na C&acirc;mara dos Deputados um projeto substitutivo de regulamenta&ccedil;&atilde;o somente dos servi&ccedil;os de telecomunica&ccedil;&otilde;es. <\/p>\n<p>As informa&ccedil;&otilde;es s&atilde;o da Ag&ecirc;ncia Brasil.<\/span><\/p>\n","protected":false},"excerpt":{"rendered":"<p>O presidente da Ag&ecirc;ncia Nacional de Telecomunica&ccedil;&otilde;es (Anatel), Ronaldo Mota Sardenberg, defendeu hoje (18) a atualiza&ccedil;&atilde;o da legisla&ccedil;&atilde;o sobre o setor no Brasil. Para ele, o pa&iacute;s est&aacute; atrasado em rela&ccedil;&atilde;o a outros pa&iacute;ses. Sardenberg participou da Confer&ecirc;ncia Nacional Preparat&oacute;ria de Comunica&ccedil;&otilde;es, na C&acirc;mara dos Deputados. &ldquo;Em boa parte dos pa&iacute;ses desenvolvidos, a regulamenta&ccedil;&atilde;o dos &hellip; <a href=\"https:\/\/obscom.intervozes.org.br\/?p=19265\" class=\"more-link\">Continue lendo <span class=\"screen-reader-text\">Legisla\u00e7\u00e3o brasileira sobre telecomunica\u00e7\u00f5es \u00e9 obsoleta, afirma Sardenberg<\/span> <span class=\"meta-nav\">&rarr;<\/span><\/a><\/p>\n","protected":false},"author":1,"featured_media":0,"comment_status":"open","ping_status":"open","sticky":false,"template":"","format":"standard","meta":{"footnotes":""},"categories":[39],"tags":[],"_links":{"self":[{"href":"https:\/\/obscom.intervozes.org.br\/index.php?rest_route=\/wp\/v2\/posts\/19265"}],"collection":[{"href":"https:\/\/obscom.intervozes.org.br\/index.php?rest_route=\/wp\/v2\/posts"}],"about":[{"href":"https:\/\/obscom.intervozes.org.br\/index.php?rest_route=\/wp\/v2\/types\/post"}],"author":[{"embeddable":true,"href":"https:\/\/obscom.intervozes.org.br\/index.php?rest_route=\/wp\/v2\/users\/1"}],"replies":[{"embeddable":true,"href":"https:\/\/obscom.intervozes.org.br\/index.php?rest_route=%2Fwp%2Fv2%2Fcomments&post=19265"}],"version-history":[{"count":0,"href":"https:\/\/obscom.intervozes.org.br\/index.php?rest_route=\/wp\/v2\/posts\/19265\/revisions"}],"wp:attachment":[{"href":"https:\/\/obscom.intervozes.org.br\/index.php?rest_route=%2Fwp%2Fv2%2Fmedia&parent=19265"}],"wp:term":[{"taxonomy":"category","embeddable":true,"href":"https:\/\/obscom.intervozes.org.br\/index.php?rest_route=%2Fwp%2Fv2%2Fcategories&post=19265"},{"taxonomy":"post_tag","embeddable":true,"href":"https:\/\/obscom.intervozes.org.br\/index.php?rest_route=%2Fwp%2Fv2%2Ftags&post=19265"}],"curies":[{"name":"wp","href":"https:\/\/api.w.org\/{rel}","templated":true}]}}