{"id":19263,"date":"2007-09-18T15:33:21","date_gmt":"2007-09-18T15:33:21","guid":{"rendered":"https:\/\/obscom.intervozes.org.br\/wordpress\/?p=19263"},"modified":"2007-09-18T15:33:21","modified_gmt":"2007-09-18T15:33:21","slug":"gil-diz-que-expansao-das-radios-esta-ligada-a-abrangencia-do-servico","status":"publish","type":"post","link":"https:\/\/obscom.intervozes.org.br\/?p=19263","title":{"rendered":"Gil diz que expans\u00e3o das r\u00e1dios est\u00e1 ligada \u00e0 abrang\u00eancia do servi\u00e7o"},"content":{"rendered":"<p>Rio de Janeiro &#8211; O Suplemento de Cultura da Pesquisa de Informa&ccedil;&otilde;es B&aacute;sicas Municipais (Munic 2006), divulgado hoje (17) pelo Instituto Brasileiro de Geografia e Estat&iacute;stica (IBGE), revela que em 48,6% dos munic&iacute;pios brasileiros existem r&aacute;dios comunit&aacute;rias, superando pela primeira vez as emissoras comerciais de FM (34,3%) e as de AM (21,2%). <\/p>\n<p>Para o ministro da Cultura, Gilberto Gil, &quot;&eacute; sinal de que h&aacute; cada vez mais protagonismo por parte das comunidades, que est&atilde;o tomando a tarefa de estabelecer a intercomunicabilidade, de que a r&aacute;dio comunit&aacute;ria supre uma lacuna deixada pela r&aacute;dio comercial&quot;.<\/p>\n<p>Gil descartou que a expans&atilde;o das r&aacute;dios comunit&aacute;rias esteja relacionada &agrave; qualidade da programa&ccedil;&atilde;o. &ldquo;Est&aacute; ligada &agrave; abrang&ecirc;ncia do servi&ccedil;o, quer dizer, o da r&aacute;dio comercial n&atilde;o abrange determinados aspectos desejados pela comunidade, como a informa&ccedil;&atilde;o sobre o pr&oacute;prio bairro, sobre as atividades culturais, de sa&uacute;de, de educa&ccedil;&atilde;o que ocorrem nas comunidades&quot;, explicou.<\/p>\n","protected":false},"excerpt":{"rendered":"<p>Rio de Janeiro &#8211; O Suplemento de Cultura da Pesquisa de Informa&ccedil;&otilde;es B&aacute;sicas Municipais (Munic 2006), divulgado hoje (17) pelo Instituto Brasileiro de Geografia e Estat&iacute;stica (IBGE), revela que em 48,6% dos munic&iacute;pios brasileiros existem r&aacute;dios comunit&aacute;rias, superando pela primeira vez as emissoras comerciais de FM (34,3%) e as de AM (21,2%). Para o ministro &hellip; <a href=\"https:\/\/obscom.intervozes.org.br\/?p=19263\" class=\"more-link\">Continue lendo <span class=\"screen-reader-text\">Gil diz que expans\u00e3o das r\u00e1dios est\u00e1 ligada \u00e0 abrang\u00eancia do servi\u00e7o<\/span> <span class=\"meta-nav\">&rarr;<\/span><\/a><\/p>\n","protected":false},"author":1,"featured_media":0,"comment_status":"open","ping_status":"open","sticky":false,"template":"","format":"standard","meta":{"footnotes":""},"categories":[40],"tags":[155],"_links":{"self":[{"href":"https:\/\/obscom.intervozes.org.br\/index.php?rest_route=\/wp\/v2\/posts\/19263"}],"collection":[{"href":"https:\/\/obscom.intervozes.org.br\/index.php?rest_route=\/wp\/v2\/posts"}],"about":[{"href":"https:\/\/obscom.intervozes.org.br\/index.php?rest_route=\/wp\/v2\/types\/post"}],"author":[{"embeddable":true,"href":"https:\/\/obscom.intervozes.org.br\/index.php?rest_route=\/wp\/v2\/users\/1"}],"replies":[{"embeddable":true,"href":"https:\/\/obscom.intervozes.org.br\/index.php?rest_route=%2Fwp%2Fv2%2Fcomments&post=19263"}],"version-history":[{"count":0,"href":"https:\/\/obscom.intervozes.org.br\/index.php?rest_route=\/wp\/v2\/posts\/19263\/revisions"}],"wp:attachment":[{"href":"https:\/\/obscom.intervozes.org.br\/index.php?rest_route=%2Fwp%2Fv2%2Fmedia&parent=19263"}],"wp:term":[{"taxonomy":"category","embeddable":true,"href":"https:\/\/obscom.intervozes.org.br\/index.php?rest_route=%2Fwp%2Fv2%2Fcategories&post=19263"},{"taxonomy":"post_tag","embeddable":true,"href":"https:\/\/obscom.intervozes.org.br\/index.php?rest_route=%2Fwp%2Fv2%2Ftags&post=19263"}],"curies":[{"name":"wp","href":"https:\/\/api.w.org\/{rel}","templated":true}]}}