{"id":19262,"date":"2007-09-18T15:21:00","date_gmt":"2007-09-18T15:21:00","guid":{"rendered":"https:\/\/obscom.intervozes.org.br\/wordpress\/?p=19262"},"modified":"2007-09-18T15:21:00","modified_gmt":"2007-09-18T15:21:00","slug":"minicom-e-anatel-se-comprometem-publicamente-com-realizacao-de-conferencia-nacional-de-comunicacoes","status":"publish","type":"post","link":"https:\/\/obscom.intervozes.org.br\/?p=19262","title":{"rendered":"Minicom e Anatel se comprometem publicamente com realiza\u00e7\u00e3o de Confer\u00eancia Nacional de Comunica\u00e7\u00f5es"},"content":{"rendered":"<p><span>Durante o primeiro per&iacute;odo de debates da Confer&ecirc;ncia Preparat&oacute;ria Nacional de Comunica&ccedil;&otilde;es, o Minist&eacute;rio das Comunica&ccedil;&otilde;es e a Anatel &ndash; Ag&ecirc;ncia Nacional de Telecomunica&ccedil;&otilde;es se comprometeram publicamente a promover a 1&ordf; Confer&ecirc;ncia Nacional de Comunica&ccedil;&otilde;es, nos moldes das confer&ecirc;ncias realizadas em outros setores.<\/p>\n<p><\/span><span>Marcelo Bechara, diretor jur&iacute;dico do Minicom e assessor do ministro H&eacute;lio Costa afirmou que &quot;estamos comprometidos com a realiza&ccedil;&atilde;o da Confer&ecirc;ncia Nacional de Comunica&ccedil;&atilde;o. Uma Confer&ecirc;ncia no formato das outras, ou seja, com etapas municipais e estaduais preparat&oacute;rias, culminando com uma grande plen&aacute;ria nacional. No que depender do Minist&eacute;rio, faremos o poss&iacute;vel para realizar a Confer&ecirc;ncia&rdquo;.&nbsp;<\/span><span>&nbsp;<\/span> <\/p>\n<p style=\"margin: 0cm 0cm 0pt\" class=\"MsoNormal\"><span>J&aacute; Ronaldo Sardenberg, presidente da Anatel, afirmou que &ldquo;a Confer&ecirc;ncia Nacional de Comunica&ccedil;&atilde;o tem que ser muito bem preparada. Precisamos fazer uma Confer&ecirc;ncia que seja clara, transparente e representativa. N&atilde;o sei se &eacute; poss&iacute;vel dizer agora quando ela vai acontecer, mas vamos [a Anate] fazer todos os esfor&ccedil;os para que seja o mais breve poss&iacute;vel&quot;.<\/span><\/p>\n","protected":false},"excerpt":{"rendered":"<p>Durante o primeiro per&iacute;odo de debates da Confer&ecirc;ncia Preparat&oacute;ria Nacional de Comunica&ccedil;&otilde;es, o Minist&eacute;rio das Comunica&ccedil;&otilde;es e a Anatel &ndash; Ag&ecirc;ncia Nacional de Telecomunica&ccedil;&otilde;es se comprometeram publicamente a promover a 1&ordf; Confer&ecirc;ncia Nacional de Comunica&ccedil;&otilde;es, nos moldes das confer&ecirc;ncias realizadas em outros setores. Marcelo Bechara, diretor jur&iacute;dico do Minicom e assessor do ministro H&eacute;lio Costa &hellip; <a href=\"https:\/\/obscom.intervozes.org.br\/?p=19262\" class=\"more-link\">Continue lendo <span class=\"screen-reader-text\">Minicom e Anatel se comprometem publicamente com realiza\u00e7\u00e3o de Confer\u00eancia Nacional de Comunica\u00e7\u00f5es<\/span> <span class=\"meta-nav\">&rarr;<\/span><\/a><\/p>\n","protected":false},"author":1,"featured_media":0,"comment_status":"open","ping_status":"open","sticky":false,"template":"","format":"standard","meta":{"footnotes":""},"categories":[39],"tags":[],"_links":{"self":[{"href":"https:\/\/obscom.intervozes.org.br\/index.php?rest_route=\/wp\/v2\/posts\/19262"}],"collection":[{"href":"https:\/\/obscom.intervozes.org.br\/index.php?rest_route=\/wp\/v2\/posts"}],"about":[{"href":"https:\/\/obscom.intervozes.org.br\/index.php?rest_route=\/wp\/v2\/types\/post"}],"author":[{"embeddable":true,"href":"https:\/\/obscom.intervozes.org.br\/index.php?rest_route=\/wp\/v2\/users\/1"}],"replies":[{"embeddable":true,"href":"https:\/\/obscom.intervozes.org.br\/index.php?rest_route=%2Fwp%2Fv2%2Fcomments&post=19262"}],"version-history":[{"count":0,"href":"https:\/\/obscom.intervozes.org.br\/index.php?rest_route=\/wp\/v2\/posts\/19262\/revisions"}],"wp:attachment":[{"href":"https:\/\/obscom.intervozes.org.br\/index.php?rest_route=%2Fwp%2Fv2%2Fmedia&parent=19262"}],"wp:term":[{"taxonomy":"category","embeddable":true,"href":"https:\/\/obscom.intervozes.org.br\/index.php?rest_route=%2Fwp%2Fv2%2Fcategories&post=19262"},{"taxonomy":"post_tag","embeddable":true,"href":"https:\/\/obscom.intervozes.org.br\/index.php?rest_route=%2Fwp%2Fv2%2Ftags&post=19262"}],"curies":[{"name":"wp","href":"https:\/\/api.w.org\/{rel}","templated":true}]}}