{"id":19261,"date":"2007-09-18T15:00:22","date_gmt":"2007-09-18T15:00:22","guid":{"rendered":"https:\/\/obscom.intervozes.org.br\/wordpress\/?p=19261"},"modified":"2007-09-18T15:00:22","modified_gmt":"2007-09-18T15:00:22","slug":"em-pirai-especialistas-debatem-o-acesso-publico-a-internet","status":"publish","type":"post","link":"https:\/\/obscom.intervozes.org.br\/?p=19261","title":{"rendered":"Em Pira\u00ed, especialistas debatem o acesso p\u00fablico \u00e0 Internet"},"content":{"rendered":"<p><span>Autoridades e especialistas estiveram reunidos no &uacute;ltimo dia 10, para debater a viabilidade de acesso p&uacute;blico &agrave; internet como meio de desenvolvimento local sustent&aacute;vel. O encontro foi realizado em Pira&iacute;, RJ, munic&iacute;pio onde foi implementado um projeto bem sucedido de inclus&atilde;o digital. A reportagem do 100Canais foi l&aacute; conferir. <\/p>\n<p><\/span><span>Em Pira&iacute;, servi&ccedil;os municipais de administra&ccedil;&atilde;o, educa&ccedil;&atilde;o e sa&uacute;de contam com banda larga gratuita. Presente no evento, e centro das aten&ccedil;&otilde;es, o ministro da Cultura Gilberto Gil aproveitou a ocasi&atilde;o para conhecer as antenas de transmiss&atilde;o Wi-Fi [rede sem fio] e laborat&oacute;rios de inform&aacute;tica em escolas p&uacute;blicas. A visita terminou &agrave; noite com um show na pra&ccedil;a da cidade. <\/p>\n<p><\/span><span>O objetivo do encontro, segundo os organizadores, &eacute; lan&ccedil;ar uma campanha de banda larga p&uacute;blica no pa&iacute;s. Gil durante a abertura elogiou o projeto digital desenvolvido no munic&iacute;pio, que em 2005, rendeu &agrave; Pira&iacute; o pr&ecirc;mio americano Top Seven Intelligent Communities, como uma das sete cidades mais inteligentes do mundo, entre outros. &ldquo;&Eacute; um exemplo de desenvolvimento local e refer&ecirc;ncia para todo o pa&iacute;s&rdquo;, disse o ministro. <\/p>\n<p><\/span><span>No cerne do programa, de acordo com o coordenador, Franklin Coelho, o reconhecimento do direito &agrave; comunica&ccedil;&atilde;o. &ldquo;O acesso p&uacute;blico &agrave; rede virtual &eacute; hoje t&atilde;o importante quanto &agrave;s outras redes, el&eacute;trica, saneamento, transporte&rdquo;. Maria Helena, tamb&eacute;m da coordena&ccedil;&atilde;o do programa de Pira&iacute;, ressaltou o impacto da tecnologia sobre a educa&ccedil;&atilde;o. &ldquo;Estamos rompendo a sala de aula e oferecendo ao aluno a oportunidade de ser o produtor do pr&oacute;prio conhecimento&rdquo;. Pira&iacute; faz parte do projeto UCA [um computador por aluno &ndash; one laptop per child].<\/p>\n<p><\/span><span><strong>Economia livre<\/p>\n<p><\/strong><\/span><span>A transfer&ecirc;ncia de conhecimento sob o prisma tecnol&oacute;gico e seus impactos na esfera econ&ocirc;mica est&atilde;o presentes no exemplo de Pira&iacute;, segundo o economista Ladislaw Dowbor. &ldquo;Quando compartilhamos informa&ccedil;&atilde;o n&atilde;o a perdemos, pelo contr&aacute;rio, ela se multiplica&rdquo;. Para o economista, o est&iacute;mulo &agrave; distribui&ccedil;&atilde;o e &agrave; circula&ccedil;&atilde;o de conhecimento &eacute; sin&ocirc;nimo de desenvolvimento. &ldquo;Precisamos criar mais canais livres de comunica&ccedil;&atilde;o&rdquo;, completa.<\/p>\n<p><\/span><span>Para refor&ccedil;ar seu ponto de vista sobre a economia na era digital, Dowbor cita o exemplo de um laborat&oacute;rio de qu&iacute;mica encravado em um munic&iacute;pio no interior do Amap&aacute;, onde a venda da castanha em broto deixou de passar pela m&atilde;o de atravessadores gra&ccedil;as &agrave; colabora&ccedil;&atilde;o tecnol&oacute;gica de universidades em Macap&aacute;. &ldquo;Agora eles extraem a ess&ecirc;ncia do produto no laborat&oacute;rio e vendem, via internet, diretamente para as empresas farmac&ecirc;uticas francesas&rdquo;.<\/p>\n<p><\/span><span>Mas ao que tudo indica, Pira&iacute; n&atilde;o &eacute; exatamente o para&iacute;so digital &ndash; o acesso nas resid&ecirc;ncias &eacute; pago, e o sonho da banda larga gratuita n&atilde;o est&aacute; assim t&atilde;o pr&oacute;ximo de se tornar realidade. Para Gustavo Gindre, do Intervozes, o evento no munic&iacute;pio carioca mostra experi&ecirc;ncias que razoavelmente est&atilde;o dando certo, mas adverte: a lista de problemas ainda &eacute; enorme. &ldquo;Quase todas as dificuldades esbarram em pol&iacute;ticas p&uacute;blicas, ou na falta delas, e quando existem favorecem grandes lobbies que dominam a comunica&ccedil;&atilde;o no Brasil&rdquo;. <\/p>\n<p><\/span><span>Tecnologia e recursos financeiros n&atilde;o faltam para colocar banda larga no pa&iacute;s inteiro, afirma Gindre. &ldquo;Temos quase 40 mil quil&ocirc;metros de fibra &oacute;tica instalada por todo o territ&oacute;rio brasileiro, com os atuais recursos tecnol&oacute;gicos interligar essa rede &agrave;s &aacute;reas mais distantes seria relativamente simples&rdquo;. Por&eacute;m, n&atilde;o h&aacute; nenhuma meta nessa dire&ccedil;&atilde;o. <\/p>\n<p><\/span><span>Atualmente tr&ecirc;s leis principais regulam o setor, a Lei Geral das Telecomunica&ccedil;&otilde;es, de 1997, que sequer cita a internet; a Lei do Cabo, para TV por assinatura; e o C&oacute;digo Brasileiro de Comunica&ccedil;&otilde;es, de 1962, para radiodifus&atilde;o. <\/p>\n<p><\/span><span><strong>Ped&aacute;gios na infovia<\/p>\n<p><\/strong><\/span><span>A cidade Sud Mennucci, no interior de S&atilde;o Paulo, &eacute; outro exemplo de investimento em inclus&atilde;o digital. No munic&iacute;pio paulista, a tecnologia Wi-Fi fornece acesso ilimitado e gratuito para toda a comunidade, incluindo &agrave;s resid&ecirc;ncias, diferente de Pira&iacute;. Gindre esteve por l&aacute;, conversou com o prefeito que confirmou sua tese, o acesso &eacute; f&aacute;cil. Por&eacute;m, o problema &eacute; outro. &ldquo;O tr&aacute;fego da rede local em algum momento se conecta na internet, para isso precisa ancorar-se em uma espinha dorsal fornecida por uma telef&ocirc;nica, e o custo &eacute; t&atilde;o caro que a prefeitura est&aacute; quase falindo&rdquo;, explica. O mesmo imbr&oacute;glio se repete no restante do pa&iacute;s.<\/p>\n<p><\/span><span>Gindre defende que essas experi&ecirc;ncias s&atilde;o importantes, sobretudo, por trazer &agrave; tona os limites e os problemas maiores. &ldquo;&Eacute; preciso um movimento organizado pra mudar a legisla&ccedil;&atilde;o brasileira e um governo com vontade pol&iacute;tica&rdquo;. N&atilde;o parece ser o caso do atual governo Lula, prossegue. &ldquo;Ver o H&eacute;lio Costa no Minist&eacute;rio das Comunica&ccedil;&otilde;es, depois de anos na Globo, &eacute; a clara sinaliza&ccedil;&atilde;o de que n&atilde;o h&aacute; interesse em tocar nessas quest&otilde;es&rdquo;.<\/p>\n<p><\/span><span>A quest&atilde;o do alto ped&aacute;gio cobrado nas infovias, bem mais caro que o das estradas pipocou durante o evento. Em S&atilde;o Paulo o acesso custa, em m&eacute;dia, quarenta reais, j&aacute; em Manaus o custo pelo mesmo servi&ccedil;o chega a 700 reais. O vice-governador do Rio de Janeiro, Luiz Fernando Pez&atilde;o, prefeito de Pira&iacute; na &eacute;poca da cria&ccedil;&atilde;o do projeto de banda larga p&uacute;blica, rebateu a cr&iacute;tica afirmando que essa &eacute; uma responsabilidade da ag&ecirc;ncia reguladora. &ldquo;&Eacute; ela que precisa pressionar as empresas privadas quanto ao limites de pre&ccedil;os&rdquo;. <\/p>\n<p><\/span><span>O vice-governador concordou, contudo, que sem mexer na legisla&ccedil;&atilde;o o servi&ccedil;o de banda larga deve demorar a chegar aos munic&iacute;pios com menos de trinta mil habitantes, pois n&atilde;o s&atilde;o atrativos financeiramente para as teles. Ou seja, na atual conjuntura, cerca de 75% das cidades brasileiras n&atilde;o ser&atilde;o &ldquo;bandalargadas&rdquo; t&atilde;o cedo.<\/p>\n<p><\/span><span>&nbsp;<img loading=\"lazy\" decoding=\"async\" src=\"images\/stories\/politica_publicacoes\/c_invertido_pq.png\" alt=\"Active Image\" width=\"15\" height=\"15\" \/>&nbsp;100canais<\/span><\/p>\n","protected":false},"excerpt":{"rendered":"<p>Autoridades e especialistas estiveram reunidos no &uacute;ltimo dia 10, para debater a viabilidade de acesso p&uacute;blico &agrave; internet como meio de desenvolvimento local sustent&aacute;vel. O encontro foi realizado em Pira&iacute;, RJ, munic&iacute;pio onde foi implementado um projeto bem sucedido de inclus&atilde;o digital. A reportagem do 100Canais foi l&aacute; conferir. Em Pira&iacute;, servi&ccedil;os municipais de administra&ccedil;&atilde;o, &hellip; <a href=\"https:\/\/obscom.intervozes.org.br\/?p=19261\" class=\"more-link\">Continue lendo <span class=\"screen-reader-text\">Em Pira\u00ed, especialistas debatem o acesso p\u00fablico \u00e0 Internet<\/span> <span class=\"meta-nav\">&rarr;<\/span><\/a><\/p>\n","protected":false},"author":1,"featured_media":0,"comment_status":"open","ping_status":"open","sticky":false,"template":"","format":"standard","meta":{"footnotes":""},"categories":[40],"tags":[423],"_links":{"self":[{"href":"https:\/\/obscom.intervozes.org.br\/index.php?rest_route=\/wp\/v2\/posts\/19261"}],"collection":[{"href":"https:\/\/obscom.intervozes.org.br\/index.php?rest_route=\/wp\/v2\/posts"}],"about":[{"href":"https:\/\/obscom.intervozes.org.br\/index.php?rest_route=\/wp\/v2\/types\/post"}],"author":[{"embeddable":true,"href":"https:\/\/obscom.intervozes.org.br\/index.php?rest_route=\/wp\/v2\/users\/1"}],"replies":[{"embeddable":true,"href":"https:\/\/obscom.intervozes.org.br\/index.php?rest_route=%2Fwp%2Fv2%2Fcomments&post=19261"}],"version-history":[{"count":0,"href":"https:\/\/obscom.intervozes.org.br\/index.php?rest_route=\/wp\/v2\/posts\/19261\/revisions"}],"wp:attachment":[{"href":"https:\/\/obscom.intervozes.org.br\/index.php?rest_route=%2Fwp%2Fv2%2Fmedia&parent=19261"}],"wp:term":[{"taxonomy":"category","embeddable":true,"href":"https:\/\/obscom.intervozes.org.br\/index.php?rest_route=%2Fwp%2Fv2%2Fcategories&post=19261"},{"taxonomy":"post_tag","embeddable":true,"href":"https:\/\/obscom.intervozes.org.br\/index.php?rest_route=%2Fwp%2Fv2%2Ftags&post=19261"}],"curies":[{"name":"wp","href":"https:\/\/api.w.org\/{rel}","templated":true}]}}