{"id":19254,"date":"2007-09-18T13:17:05","date_gmt":"2007-09-18T13:17:05","guid":{"rendered":"https:\/\/obscom.intervozes.org.br\/wordpress\/?p=19254"},"modified":"2007-09-18T13:17:05","modified_gmt":"2007-09-18T13:17:05","slug":"organizacoes-pedem-conferencia-nacional-democratica","status":"publish","type":"post","link":"https:\/\/obscom.intervozes.org.br\/?p=19254","title":{"rendered":"Organiza\u00e7\u00f5es pedem Confer\u00eancia Nacional democr\u00e1tica"},"content":{"rendered":"<p><span>Diversas organiza&ccedil;&otilde;es da sociedade civil lan&ccedil;aram um manifesto reivindicando a realiza&ccedil;&atilde;o de uma efetiva Confer&ecirc;ncia Nacional de Comunica&ccedil;&atilde;o, a exemplo do que foi feito em outras &aacute;reas de governo. O manifesto foi distribu&iacute;do durante a solenidade de abertura da Confer&ecirc;ncia&nbsp;Preparat&oacute;ria Nacional de Comunica&ccedil;&otilde;es, realizada&nbsp;no Congresso Nacional. As organiza&ccedil;&otilde;es tamb&eacute;m abriram faixas com a mesma reivindica&ccedil;&atilde;o durante o discurso do ministro H&eacute;lio Costa.<\/span><\/p>\n<p><span>As organiza&ccedil;&otilde;es defendem que a Confer&ecirc;ncia debata <\/span><span>os temas setorias em encontros municipais, regionais e estaduais, com elei&ccedil;&atilde;o de delegados e defesa de teses. As entidades querem que o governo convoque essa confer&ecirc;ncia.<\/span><\/p>\n","protected":false},"excerpt":{"rendered":"<p>Diversas organiza&ccedil;&otilde;es da sociedade civil lan&ccedil;aram um manifesto reivindicando a realiza&ccedil;&atilde;o de uma efetiva Confer&ecirc;ncia Nacional de Comunica&ccedil;&atilde;o, a exemplo do que foi feito em outras &aacute;reas de governo. O manifesto foi distribu&iacute;do durante a solenidade de abertura da Confer&ecirc;ncia&nbsp;Preparat&oacute;ria Nacional de Comunica&ccedil;&otilde;es, realizada&nbsp;no Congresso Nacional. As organiza&ccedil;&otilde;es tamb&eacute;m abriram faixas com a mesma reivindica&ccedil;&atilde;o &hellip; <a href=\"https:\/\/obscom.intervozes.org.br\/?p=19254\" class=\"more-link\">Continue lendo <span class=\"screen-reader-text\">Organiza\u00e7\u00f5es pedem Confer\u00eancia Nacional democr\u00e1tica<\/span> <span class=\"meta-nav\">&rarr;<\/span><\/a><\/p>\n","protected":false},"author":1,"featured_media":0,"comment_status":"open","ping_status":"open","sticky":false,"template":"","format":"standard","meta":{"footnotes":""},"categories":[39],"tags":[],"_links":{"self":[{"href":"https:\/\/obscom.intervozes.org.br\/index.php?rest_route=\/wp\/v2\/posts\/19254"}],"collection":[{"href":"https:\/\/obscom.intervozes.org.br\/index.php?rest_route=\/wp\/v2\/posts"}],"about":[{"href":"https:\/\/obscom.intervozes.org.br\/index.php?rest_route=\/wp\/v2\/types\/post"}],"author":[{"embeddable":true,"href":"https:\/\/obscom.intervozes.org.br\/index.php?rest_route=\/wp\/v2\/users\/1"}],"replies":[{"embeddable":true,"href":"https:\/\/obscom.intervozes.org.br\/index.php?rest_route=%2Fwp%2Fv2%2Fcomments&post=19254"}],"version-history":[{"count":0,"href":"https:\/\/obscom.intervozes.org.br\/index.php?rest_route=\/wp\/v2\/posts\/19254\/revisions"}],"wp:attachment":[{"href":"https:\/\/obscom.intervozes.org.br\/index.php?rest_route=%2Fwp%2Fv2%2Fmedia&parent=19254"}],"wp:term":[{"taxonomy":"category","embeddable":true,"href":"https:\/\/obscom.intervozes.org.br\/index.php?rest_route=%2Fwp%2Fv2%2Fcategories&post=19254"},{"taxonomy":"post_tag","embeddable":true,"href":"https:\/\/obscom.intervozes.org.br\/index.php?rest_route=%2Fwp%2Fv2%2Ftags&post=19254"}],"curies":[{"name":"wp","href":"https:\/\/api.w.org\/{rel}","templated":true}]}}