{"id":19249,"date":"2007-09-17T19:00:36","date_gmt":"2007-09-17T19:00:36","guid":{"rendered":"https:\/\/obscom.intervozes.org.br\/wordpress\/?p=19249"},"modified":"2014-09-07T02:54:09","modified_gmt":"2014-09-07T02:54:09","slug":"observatorio-do-direito-a-comunicacao-faz-cobertura-especial-de-evento-no-congresso","status":"publish","type":"post","link":"https:\/\/obscom.intervozes.org.br\/?p=19249","title":{"rendered":"Observat\u00f3rio do Direito \u00e0 Comunica\u00e7\u00e3o faz cobertura especial de evento no Congresso"},"content":{"rendered":"<p>O Observat&oacute;rio do Direito &agrave; Comunica&ccedil;&atilde;o far&aacute; uma cobertura especial da Confer&ecirc;ncia Nacional Preparat&oacute;ria de Comunica&ccedil;&atilde;o. O evento realizado pelo Minist&eacute;rio das Comunica&ccedil;&otilde;es, pela Anatel &ndash; Ag&ecirc;ncia Nacional de Telecomunica&ccedil;&otilde;es, pela Comiss&atilde;o de Ci&ecirc;ncia e Tecnologia, Comunica&ccedil;&atilde;o e Inform&aacute;tica da C&acirc;mara dos Deputados (CCTCI);&nbsp;e&nbsp;pela&nbsp;Comiss&atilde;o de Ci&ecirc;ncia, Tecnologia, Inova&ccedil;&atilde;o, Comunica&ccedil;&atilde;o e Inform&aacute;tica do Senado acontece entre os dias 17 e 19 de setembro&nbsp;na C&acirc;mara dos Deputados e pretende discutir &ldquo;uma nova pol&iacute;tica para a converg&ecirc;ncia tecnol&oacute;gica e o futuro das comunica&ccedil;&otilde;es&rdquo;.<\/p>\n<p>Severamente criticada por diversos movimentos sociais, parlamentares e entidades da sociedade civil, a Confer&ecirc;ncia deve contar com participa&ccedil;&atilde;o majorit&aacute;ria de associa&ccedil;&otilde;es empresariais. <\/p>\n<p><a href=\"http:\/\/localhost\/intervozes_direitoacomunicacao\/wordpress\/?p=17984\">Clique aqui e confira a programa&ccedil;&atilde;o do evento<\/a>.<\/p>\n","protected":false},"excerpt":{"rendered":"<p>O Observat&oacute;rio do Direito &agrave; Comunica&ccedil;&atilde;o far&aacute; uma cobertura especial da Confer&ecirc;ncia Nacional Preparat&oacute;ria de Comunica&ccedil;&atilde;o. O evento realizado pelo Minist&eacute;rio das Comunica&ccedil;&otilde;es, pela Anatel &ndash; Ag&ecirc;ncia Nacional de Telecomunica&ccedil;&otilde;es, pela Comiss&atilde;o de Ci&ecirc;ncia e Tecnologia, Comunica&ccedil;&atilde;o e Inform&aacute;tica da C&acirc;mara dos Deputados (CCTCI);&nbsp;e&nbsp;pela&nbsp;Comiss&atilde;o de Ci&ecirc;ncia, Tecnologia, Inova&ccedil;&atilde;o, Comunica&ccedil;&atilde;o e Inform&aacute;tica do Senado acontece entre &hellip; <a href=\"https:\/\/obscom.intervozes.org.br\/?p=19249\" class=\"more-link\">Continue lendo <span class=\"screen-reader-text\">Observat\u00f3rio do Direito \u00e0 Comunica\u00e7\u00e3o faz cobertura especial de evento no Congresso<\/span> <span class=\"meta-nav\">&rarr;<\/span><\/a><\/p>\n","protected":false},"author":1,"featured_media":0,"comment_status":"open","ping_status":"open","sticky":false,"template":"","format":"standard","meta":{"footnotes":""},"categories":[39],"tags":[],"_links":{"self":[{"href":"https:\/\/obscom.intervozes.org.br\/index.php?rest_route=\/wp\/v2\/posts\/19249"}],"collection":[{"href":"https:\/\/obscom.intervozes.org.br\/index.php?rest_route=\/wp\/v2\/posts"}],"about":[{"href":"https:\/\/obscom.intervozes.org.br\/index.php?rest_route=\/wp\/v2\/types\/post"}],"author":[{"embeddable":true,"href":"https:\/\/obscom.intervozes.org.br\/index.php?rest_route=\/wp\/v2\/users\/1"}],"replies":[{"embeddable":true,"href":"https:\/\/obscom.intervozes.org.br\/index.php?rest_route=%2Fwp%2Fv2%2Fcomments&post=19249"}],"version-history":[{"count":1,"href":"https:\/\/obscom.intervozes.org.br\/index.php?rest_route=\/wp\/v2\/posts\/19249\/revisions"}],"predecessor-version":[{"id":27770,"href":"https:\/\/obscom.intervozes.org.br\/index.php?rest_route=\/wp\/v2\/posts\/19249\/revisions\/27770"}],"wp:attachment":[{"href":"https:\/\/obscom.intervozes.org.br\/index.php?rest_route=%2Fwp%2Fv2%2Fmedia&parent=19249"}],"wp:term":[{"taxonomy":"category","embeddable":true,"href":"https:\/\/obscom.intervozes.org.br\/index.php?rest_route=%2Fwp%2Fv2%2Fcategories&post=19249"},{"taxonomy":"post_tag","embeddable":true,"href":"https:\/\/obscom.intervozes.org.br\/index.php?rest_route=%2Fwp%2Fv2%2Ftags&post=19249"}],"curies":[{"name":"wp","href":"https:\/\/api.w.org\/{rel}","templated":true}]}}