{"id":19237,"date":"2007-09-17T10:36:15","date_gmt":"2007-09-17T10:36:15","guid":{"rendered":"https:\/\/obscom.intervozes.org.br\/wordpress\/?p=19237"},"modified":"2014-09-07T02:54:08","modified_gmt":"2014-09-07T02:54:08","slug":"organizacoes-se-mobilizam-por-conferencia-nacional-plural","status":"publish","type":"post","link":"https:\/\/obscom.intervozes.org.br\/?p=19237","title":{"rendered":"Organiza\u00e7\u00f5es se mobilizam por  Confer\u00eancia Nacional plural"},"content":{"rendered":"<p>A Comiss&atilde;o&nbsp;Pr&oacute;-Confer&ecirc;ncia Nacional de Comunica&ccedil;&atilde;o, reunida em Bras&iacute;lia na &uacute;ltima sexta-feira, faz um chamamento p&uacute;blico, conclamando as entidades que lutam pela democratiza&ccedil;&atilde;o da comunica&ccedil;&atilde;o, para que compare&ccedil;am em massa na Confer&ecirc;ncia Nacional Preparat&oacute;ria de Comunica&ccedil;&otilde;es, de 17 a 19 de setembro, em Bras&iacute;lia. <\/p>\n<p>Sob o t&oacute;pico &quot;Uma Nova Pol&iacute;tica para a Converg&ecirc;ncia Tecnol&oacute;gica e o Futuro das Comunica&ccedil;&otilde;es&quot;, o Minist&eacute;rio das Comunica&ccedil;&otilde;es juntamente com a Comiss&atilde;o de Ci&ecirc;ncia e Tecnologia, Comunica&ccedil;&atilde;o e Inform&aacute;tica da C&acirc;mara dos Deputados (CCTCI); a Comiss&atilde;o de Ci&ecirc;ncia, Tecnologia, Inova&ccedil;&atilde;o, Comunica&ccedil;&atilde;o e Inform&aacute;tica do Senado Federal e a Ag&ecirc;ncia Nacional de Telecomunica&ccedil;&otilde;es, realizar&aacute; entre os dias 17 e 19 de setembro a Confer&ecirc;ncia Nacional Preparat&oacute;ria de Comunica&ccedil;&otilde;es. <\/p>\n<p>No evento, ser&atilde;o debatidas pol&iacute;ticas relacionadas&nbsp;&agrave; converg&ecirc;ncia dos meios de comunica&ccedil;&atilde;o e seus nichos como a infra-estrutura e servi&ccedil;os de telecomunica&ccedil;&otilde;es; r&aacute;dio e TV digital; telefonia fixa e m&oacute;vel; Internet; modelos de gest&atilde;o de redes; fus&otilde;es e consolida&ccedil;&otilde;es de empresas; produ&ccedil;&atilde;o de conte&uacute;do; tecnologias sem fio; gest&atilde;o do espectro de radiofreq&uuml;&ecirc;ncia, desenvolvimento e produ&ccedil;&atilde;o industrial, entre outros aspectos. Celso Schr&ouml;der, Coordenador-geral do F&oacute;rum Nacional Pela Democratiza&ccedil;&atilde;o da Comunica&ccedil;&atilde;o (FNDC) ser&aacute; um dos palestrantes, discorrendo sobre os &quot;ajustes necess&aacute;rios na regulamenta&ccedil;&atilde;o para atender ao interesse da sociedade e os par&acirc;metros constitucionais.&quot;<\/p>\n<p>Na opini&atilde;o de Br&aacute;ulio Ribeiro, integrante Coletivo Intervozes, &quot;&eacute; preciso reivindicar a convoca&ccedil;&atilde;o imediata de uma Confer&ecirc;ncia Nacional de Comunica&ccedil;&atilde;o que permita a discuss&atilde;o de todos os temas com a pluralidade dos meios, com participa&ccedil;&atilde;o ampla e democr&aacute;tica da sociedade&rdquo;. &ldquo;Vamos reivindicar dos gestores p&uacute;blicos presentes que convoquem, de prefer&ecirc;ncia durante o pr&oacute;prio evento, a verdadeira Confer&ecirc;ncia Nacional de Comunica&ccedil;&atilde;o, h&aacute; tanto tempo uma luta da sociedade&rdquo;, conclui. Para Vera Canabrava, que participou da reuni&atilde;o como representante do Conselho Federal de Psicologia e integrante da Coordena&ccedil;&atilde;o Executiva do FNDC, a Confer&ecirc;ncia Preparat&oacute;ria poder&aacute; constituir-se em um passo significativo para conduzir &agrave; uma Confer&ecirc;ncia Nacional, com a participa&ccedil;&atilde;o de movimentos sociais, empres&aacute;rios e governo federal.<\/p>\n<p>Inscri&ccedil;&otilde;es: 0800-619619 ou <a href=\"http:\/\/www.mc.gov.br\/\">www.mc.gov.br<\/a><\/p>\n<p><a href=\"http:\/\/localhost\/intervozes_direitoacomunicacao\/wordpress\/?p=17984\">Para ver a programa&ccedil;&atilde;o completa, clique aqui.<\/a><\/p>\n<p><img loading=\"lazy\" decoding=\"async\" src=\"images\/stories\/politica_publicacoes\/c_invertido_pq.png\" alt=\"Active Image\" width=\"15\" height=\"15\" \/>&nbsp;Reda&ccedil;&atilde;o FNDC.<\/p>\n","protected":false},"excerpt":{"rendered":"<p>A Comiss&atilde;o&nbsp;Pr&oacute;-Confer&ecirc;ncia Nacional de Comunica&ccedil;&atilde;o, reunida em Bras&iacute;lia na &uacute;ltima sexta-feira, faz um chamamento p&uacute;blico, conclamando as entidades que lutam pela democratiza&ccedil;&atilde;o da comunica&ccedil;&atilde;o, para que compare&ccedil;am em massa na Confer&ecirc;ncia Nacional Preparat&oacute;ria de Comunica&ccedil;&otilde;es, de 17 a 19 de setembro, em Bras&iacute;lia. Sob o t&oacute;pico &quot;Uma Nova Pol&iacute;tica para a Converg&ecirc;ncia Tecnol&oacute;gica e o &hellip; <a href=\"https:\/\/obscom.intervozes.org.br\/?p=19237\" class=\"more-link\">Continue lendo <span class=\"screen-reader-text\">Organiza\u00e7\u00f5es se mobilizam por  Confer\u00eancia Nacional plural<\/span> <span class=\"meta-nav\">&rarr;<\/span><\/a><\/p>\n","protected":false},"author":1,"featured_media":0,"comment_status":"open","ping_status":"open","sticky":false,"template":"","format":"standard","meta":{"footnotes":""},"categories":[40],"tags":[195],"_links":{"self":[{"href":"https:\/\/obscom.intervozes.org.br\/index.php?rest_route=\/wp\/v2\/posts\/19237"}],"collection":[{"href":"https:\/\/obscom.intervozes.org.br\/index.php?rest_route=\/wp\/v2\/posts"}],"about":[{"href":"https:\/\/obscom.intervozes.org.br\/index.php?rest_route=\/wp\/v2\/types\/post"}],"author":[{"embeddable":true,"href":"https:\/\/obscom.intervozes.org.br\/index.php?rest_route=\/wp\/v2\/users\/1"}],"replies":[{"embeddable":true,"href":"https:\/\/obscom.intervozes.org.br\/index.php?rest_route=%2Fwp%2Fv2%2Fcomments&post=19237"}],"version-history":[{"count":1,"href":"https:\/\/obscom.intervozes.org.br\/index.php?rest_route=\/wp\/v2\/posts\/19237\/revisions"}],"predecessor-version":[{"id":27769,"href":"https:\/\/obscom.intervozes.org.br\/index.php?rest_route=\/wp\/v2\/posts\/19237\/revisions\/27769"}],"wp:attachment":[{"href":"https:\/\/obscom.intervozes.org.br\/index.php?rest_route=%2Fwp%2Fv2%2Fmedia&parent=19237"}],"wp:term":[{"taxonomy":"category","embeddable":true,"href":"https:\/\/obscom.intervozes.org.br\/index.php?rest_route=%2Fwp%2Fv2%2Fcategories&post=19237"},{"taxonomy":"post_tag","embeddable":true,"href":"https:\/\/obscom.intervozes.org.br\/index.php?rest_route=%2Fwp%2Fv2%2Ftags&post=19237"}],"curies":[{"name":"wp","href":"https:\/\/api.w.org\/{rel}","templated":true}]}}