{"id":19236,"date":"2007-09-17T10:17:26","date_gmt":"2007-09-17T10:17:26","guid":{"rendered":"https:\/\/obscom.intervozes.org.br\/wordpress\/?p=19236"},"modified":"2007-09-17T10:17:26","modified_gmt":"2007-09-17T10:17:26","slug":"havera-espaco-no-uhf-para-a-tv-nao-comercial","status":"publish","type":"post","link":"https:\/\/obscom.intervozes.org.br\/?p=19236","title":{"rendered":"Haver\u00e1 espa\u00e7o no UHF para a TV n\u00e3o comercial?"},"content":{"rendered":"<p align=\"left\"><span>O senso comum afirma que a TV digital permitir&aacute; a amplia&ccedil;&atilde;o do n&uacute;mero de canais de televis&atilde;o dispon&iacute;veis para a transmiss&atilde;o. Mas, a hist&oacute;ria pode n&atilde;o ser bem essa.<\/p>\n<p><\/span><span>A TV digital n&atilde;o utilizar&aacute; os canais do VHF (2-13) e at&eacute; o momento n&atilde;o se sabe o destino desta faixa de espectro quando as transmiss&otilde;es anal&oacute;gicas forem desligadas. O canal 37 do UHF tamb&eacute;m n&atilde;o pode ser utilizado pela TV digital, por estar reservado para a radioastronomia. Alguns canais do UHF j&aacute; est&atilde;o ocupados por transmiss&otilde;es anal&oacute;gicas. E v&aacute;rios outros canais do UHF n&atilde;o poder&atilde;o ser utilizados por sofrerem interfer&ecirc;ncia das transmiss&otilde;es anal&oacute;gicas (que perdurar&atilde;o por, no m&iacute;nimo, dez anos).<\/p>\n<p><\/span><span>Por fim, e gra&ccedil;as ao Decreto Presidencial 5820\/06 [1]<\/span><span>, cada emissora atualmente no ar ocupar&aacute;, durante estes dez anos, dois canais: um anal&oacute;gico e outro digital.<\/p>\n<p><\/span><span>Feitos todos estes descontos, nos grandes centros urbanos praticamente n&atilde;o haver&aacute; espa&ccedil;o para novas emissoras. O fato &eacute; especialmente preocupante se lembrarmos que existe uma demanda do chamado &ldquo;campo p&uacute;blico&rdquo; para garantir que suas emissoras tenham espa&ccedil;o na TV aberta. S&atilde;o as TVs comunit&aacute;rias, as TVs universit&aacute;rias, a TV Justi&ccedil;a e os canais legislativos (TV Senado, TV C&acirc;mera, TVs de assembl&eacute;ias legislativas e TVs de c&acirc;maras de vereadores).<\/p>\n<p><\/span><span>Na pr&aacute;tica, estas emissoras s&oacute; ter&atilde;o espa&ccedil;o no UHF se o governo decidir reincorporar a esta faixa do espectro os canais localizados entre o 60 e o 69. Atualmente, estes canais s&atilde;o reservados para que as emissoras fa&ccedil;am o enlace terrestre entre uma geradora e suas repetidoras ou retransmissoras. Este servi&ccedil;o chama-se RpTV, funciona a partir de autoriza&ccedil;&otilde;es prec&aacute;rias e de dura&ccedil;&atilde;o indeterminada. Sua regulamenta&ccedil;&atilde;o est&aacute; amparada em um simples Decreto Presidencial (3.451\/2000 &#8211; <\/span><span><a href=\"https:\/\/www.planalto.gov.br\/ccivil_03\/decreto\/d3451.htm\">https:\/\/www.planalto.gov.br\/ccivil_03\/decreto\/d3451.htm<\/a><\/span><span>).<\/p>\n<p><\/span><span>A proposta de incorporar os canais 60 a 69 na faixa da TV digital [2]<\/span><span> tramita na Ag&ecirc;ncia Nacional de Telecomunica&ccedil;&otilde;es (Anatel) e de acordo com o site da ag&ecirc;ncia (<\/span><span><a href=\"http:\/\/sistemas.anatel.gov.br\/sicap\">http:\/\/sistemas.anatel.gov.br\/sicap<\/a><\/span><span>) o processo (n&deg; 53500.003655\/2007) est&aacute; em an&aacute;lise pelo conselheiro Pedro Jaime.<\/p>\n<p><\/span><span>Cabe acompanhar com toda aten&ccedil;&atilde;o a tramita&ccedil;&atilde;o deste processo. Dele, em grande parte, depende o futuro da TV aberta n&atilde;o comercial <\/span>[3]<span>.<\/span><br \/>&nbsp;<\/p>\n<div>\n<hr \/>\n<\/div>\n<div>[1]<span> &#8211; Aqui, de uma vez s&oacute;, foram cometidos dois absurdos. O governo entregou um canal inteiro para cada emissora, negando o fato de que este mesmo espa&ccedil;o, na transmiss&atilde;o digital, comporta v&aacute;rias programa&ccedil;&otilde;es simult&acirc;neas. E o mesmo governo conferiu prioridade &agrave;s atuais emissoras, deixando para os novos canais a necessidade de lutar por um espa&ccedil;o cada vez mais raro.<\/span><\/div>\n<div>[2]<span>&nbsp; &#8211; Altera&ccedil;&atilde;o do Regulamento sobre Canaliza&ccedil;&atilde;o e Condi&ccedil;&otilde;es de Uso de Frequ&ecirc;ncias para os Servi&ccedil;os Auxiliar de Radiodifus&atilde;o e Correlatos, Especial de Repeti&ccedil;&atilde;o de Televis&atilde;o e Especial de Circuito Fechado de Televis&atilde;o com Utiliza&ccedil;&atilde;o de Radioenlace para destinar o segmento de 746 MHz a 806 MHz (canais 60 a 69 do UHF) &agrave; execu&ccedil;&atilde;o do Servi&ccedil;o de Radiodifus&atilde;o de Sons e Imagens em car&aacute;ter prim&aacute;rio e &agrave; execu&ccedil;&atilde;o do Servi&ccedil;o de Repeti&ccedil;&atilde;o de Televis&atilde;o em car&aacute;ter secund&aacute;rio.<br \/><\/span>[3]<span>&nbsp; &#8211; Que provavelmente ficar&aacute; relegada a este gueto, no final dos espectro da TV. Enquanto &agrave;s emissoras comerciais poder&atilde;o usufruir dos canais mais nobres do UHF.<\/span><\/div>\n","protected":false},"excerpt":{"rendered":"<p>O senso comum afirma que a TV digital permitir&aacute; a amplia&ccedil;&atilde;o do n&uacute;mero de canais de televis&atilde;o dispon&iacute;veis para a transmiss&atilde;o. Mas, a hist&oacute;ria pode n&atilde;o ser bem essa. A TV digital n&atilde;o utilizar&aacute; os canais do VHF (2-13) e at&eacute; o momento n&atilde;o se sabe o destino desta faixa de espectro quando as transmiss&otilde;es &hellip; <a href=\"https:\/\/obscom.intervozes.org.br\/?p=19236\" class=\"more-link\">Continue lendo <span class=\"screen-reader-text\">Haver\u00e1 espa\u00e7o no UHF para a TV n\u00e3o comercial?<\/span> <span class=\"meta-nav\">&rarr;<\/span><\/a><\/p>\n","protected":false},"author":1,"featured_media":0,"comment_status":"open","ping_status":"open","sticky":false,"template":"","format":"standard","meta":{"footnotes":""},"categories":[42],"tags":[56],"_links":{"self":[{"href":"https:\/\/obscom.intervozes.org.br\/index.php?rest_route=\/wp\/v2\/posts\/19236"}],"collection":[{"href":"https:\/\/obscom.intervozes.org.br\/index.php?rest_route=\/wp\/v2\/posts"}],"about":[{"href":"https:\/\/obscom.intervozes.org.br\/index.php?rest_route=\/wp\/v2\/types\/post"}],"author":[{"embeddable":true,"href":"https:\/\/obscom.intervozes.org.br\/index.php?rest_route=\/wp\/v2\/users\/1"}],"replies":[{"embeddable":true,"href":"https:\/\/obscom.intervozes.org.br\/index.php?rest_route=%2Fwp%2Fv2%2Fcomments&post=19236"}],"version-history":[{"count":0,"href":"https:\/\/obscom.intervozes.org.br\/index.php?rest_route=\/wp\/v2\/posts\/19236\/revisions"}],"wp:attachment":[{"href":"https:\/\/obscom.intervozes.org.br\/index.php?rest_route=%2Fwp%2Fv2%2Fmedia&parent=19236"}],"wp:term":[{"taxonomy":"category","embeddable":true,"href":"https:\/\/obscom.intervozes.org.br\/index.php?rest_route=%2Fwp%2Fv2%2Fcategories&post=19236"},{"taxonomy":"post_tag","embeddable":true,"href":"https:\/\/obscom.intervozes.org.br\/index.php?rest_route=%2Fwp%2Fv2%2Ftags&post=19236"}],"curies":[{"name":"wp","href":"https:\/\/api.w.org\/{rel}","templated":true}]}}