{"id":19221,"date":"2007-09-13T19:11:51","date_gmt":"2007-09-13T19:11:51","guid":{"rendered":"https:\/\/obscom.intervozes.org.br\/wordpress\/?p=19221"},"modified":"2007-09-13T19:11:51","modified_gmt":"2007-09-13T19:11:51","slug":"campanha-reivindica-criterios-para-renovacao-de-concessoes","status":"publish","type":"post","link":"https:\/\/obscom.intervozes.org.br\/?p=19221","title":{"rendered":"Campanha reivindica crit\u00e9rios para renova\u00e7\u00e3o de concess\u00f5es"},"content":{"rendered":"<p><span>Organiza&ccedil;&otilde;es e movimentos sociais de todo Brasil lan&ccedil;am no dia 5 de outubro campanha por democracia e transpar&ecirc;ncia nas concess&otilde;es de r&aacute;dio e televis&atilde;o do pa&iacute;s. A data, simbolicamente escolhida por ser o dia em que vencem outorgas das maiores redes brasileiras de TV (Rede Globo, TV Bandeirantes, SBT e TV Record), est&aacute; provisoriamente sendo chamada de Dia Nacional de mobiliza&ccedil;&otilde;es por controle p&uacute;blico sobre as concess&otilde;es de r&aacute;dio e TV. <\/p>\n<p><\/span><span>A mobiliza&ccedil;&atilde;o est&aacute; na pauta da CMS (Coordena&ccedil;&atilde;o dos Movimentos Sociais), que re&uacute;ne organiza&ccedil;&otilde;es de peso como CUT, UNE e&nbsp;MST, de entidades que lutam pela democratiza&ccedil;&atilde;o da comunica&ccedil;&atilde;o &ndash; entre elas a Campanha pela &Eacute;tica na TV e o Intervozes &ndash; e de organiza&ccedil;&otilde;es de mulheres, do movimento negro e quilombola. No dia 5, al&eacute;m do lan&ccedil;amento da campanha, devem ser realizados atos nas principais cidades do pa&iacute;s para reivindicar o cumprimento dos princ&iacute;pios constitucionais para a explora&ccedil;&atilde;o das concess&otilde;es de r&aacute;dio e TV, e a institui&ccedil;&atilde;o de mecanismos de participa&ccedil;&atilde;o social no momento de outorga e renova&ccedil;&atilde;o dessas concess&otilde;es.<\/p>\n<p><\/span><span>&ldquo;Precisamos pensar uma pol&iacute;tica ampla de comunica&ccedil;&atilde;o para o pa&iacute;s. E o debate sobre as renova&ccedil;&otilde;es &eacute; prop&iacute;cio para isso. Todos sabem que muitos concession&aacute;rios n&atilde;o respeitam a Lei e que se tornam praticamente propriet&aacute;rios dos canais. Al&eacute;m disso, os processos de renova&ccedil;&atilde;o n&atilde;o tem qualquer crit&eacute;rio para se fa&ccedil;a uma avalia&ccedil;&atilde;o sobre o cumprimento das responsabilidades pelos donos das empresas&rdquo;, afirma Rosane Bertotti, da CUT &#8211; Central &Uacute;nica dos Trabalhadores.<\/p>\n<p><\/span><span>Segundo as organiza&ccedil;&otilde;es, a campanha tem como objetivo sensibilizar a sociedade em rela&ccedil;&atilde;o ao tema, apontando os absurdos que fazem parte do atual processo de outorga e renova&ccedil;&atilde;o das concess&otilde;es, como a falta de transpar&ecirc;ncia, o uso ilegal das emissoras por parlamentares e a inexist&ecirc;ncia de crit&eacute;rios no momento de renova&ccedil;&atilde;o das mesmas, o que acaba inviabilizando a avalia&ccedil;&atilde;o do servi&ccedil;o p&uacute;blico prestado.<\/p>\n<p><\/span><span>Com a campanha, as entidades planejam denunciar o atual quadro de outorga e renova&ccedil;&atilde;o das concess&otilde;es e fazer valer os princ&iacute;pios constitucionais at&eacute; hoje n&atilde;o regulamentados, para que exista alguma forma de&nbsp;controle p&uacute;blico e social sobre o espectro de freq&uuml;&ecirc;ncia, um bem p&uacute;blico que pertence ao conjunto da sociedade. &ldquo;No m&iacute;nimo, &eacute; preciso haver um questionamento deste processo. N&atilde;o &eacute; poss&iacute;vel que o governo Lula renove concess&otilde;es que foram dadas na ditadura sem ao menos criar crit&eacute;rios para isso. &Eacute; o momento de criarmos uma movimenta&ccedil;&atilde;o nacional e exigirmos debate sobre essas quest&otilde;es&rdquo;, afirma Antonio Carlos Spiz, da Central &Uacute;nica dos Trabalhadores e da CMS.<\/p>\n<p><\/span><span>Os estudantes apontam na mesma dire&ccedil;&atilde;o. Segundo Luana Bonone, diretora de comunica&ccedil;&atilde;o da UNE &#8211; Uni&atilde;o Nacional de Estudantes, o debate sobre concess&otilde;es traz &agrave; tona a necess&aacute;ria discuss&atilde;o sobre a regula&ccedil;&atilde;o das comunica&ccedil;&otilde;es. &ldquo;As concess&otilde;es de r&aacute;dio e televis&atilde;o no Brasil s&atilde;o como as concess&otilde;es ao ensino privado. N&atilde;o conseguimos regulamentar de modo algum, mas a impress&atilde;o que temos &eacute; que nas comunica&ccedil;&otilde;es o quadro &eacute; ainda pior. O que est&aacute; em jogo &eacute; um projeto de pa&iacute;s: democr&aacute;tico ou monopolista, com estruturas concentradoras de poder ou que reflitam a diversidade do pa&iacute;s,&rdquo; diz. <\/p>\n<p><\/span><span>O principal movimento social do pa&iacute;s, o MST &#8211; Movimento dos Trabalhadores Rurais Sem Terra tamb&eacute;m vai participar das mobiliza&ccedil;&otilde;es. &ldquo;S&oacute; &eacute; poss&iacute;vel democratizar a comunica&ccedil;&atilde;o com um processo de luta unificada na sociedade, por isso estamos engajados na campanha. A democratiza&ccedil;&atilde;o da sociedade precisa necessariamente passar pela m&iacute;dia&rdquo;, afirma Igor Felippe, do setor de comunica&ccedil;&atilde;o do movimento. &ldquo;N&oacute;s sabemos bem o significado dos monop&oacute;lios, pois somos criminalizados todos os dias pelo simples fato de lutarmos por um direito do povo&rdquo;, completa.<\/p>\n<p><\/span><span>De acordo com o Intervozes &ndash; Coletivo Brasil de Comunica&ccedil;&atilde;o Social, uma das entidades que atuam diretamente no campo da comunica&ccedil;&atilde;o, o foco da iniciativa n&atilde;o estar&aacute; em uma determinada emissora, mas sim no conjunto de regras e normas do sistema de concess&otilde;es. &ldquo;As concess&otilde;es s&atilde;o o instrumento que materializa o poder das emissoras comerciais, protegendo o monop&oacute;lio e a falta de compromisso delas com o interesse p&uacute;blico. No processo de renova&ccedil;&atilde;o, prevalece a aus&ecirc;ncia de participa&ccedil;&atilde;o popular e a inexist&ecirc;ncia de crit&eacute;rio. Todo rigor que eles t&ecirc;m com as comunit&aacute;rias inexiste para as comerciais&quot;, afirma Jo&atilde;o Brant, um dos coordenadores da entidade. <\/p>\n<p><\/span><span><strong>Audi&ecirc;ncias p&uacute;blicas e julgamentos populares<\/p>\n<p><\/strong><\/span><span>Segundo Brant, hoje as concess&otilde;es s&atilde;o um instrumento de manuten&ccedil;&atilde;o do poder estabelecido. &ldquo;N&atilde;o aceitamos mais esta barb&aacute;rie e este &lsquo;velho oeste&rsquo; que marca o processo. &Eacute; preciso se mobilizar para transformar esse quadro&rdquo;, diz. &ldquo;Alguma regula&ccedil;&atilde;o &eacute; necess&aacute;ria para mudarmos esta situa&ccedil;&atilde;o. E eles acham que s&atilde;o intoc&aacute;veis e que t&ecirc;m um poder sagrado. Mas n&atilde;o t&ecirc;m&rdquo;, afirma Sonia Coelho, da Marcha Mundial das Mulheres. Al&eacute;m da amplia&ccedil;&atilde;o dos grupos e organiza&ccedil;&otilde;es que participantes da campanha, devem ser organizadas audi&ecirc;ncias p&uacute;blicas locais e regionais, e produzidos materiais de campanha pela democratiza&ccedil;&atilde;o das concess&otilde;es de r&aacute;dio e TV. <\/p>\n<p><\/span><span>Entre as iniciativas locais da a&ccedil;&atilde;o conjunta, est&atilde;o previstos julgamentos populares das programa&ccedil;&otilde;es de r&aacute;dio e TV, al&eacute;m do mapeamento do uso espectro em cada cidade. &nbsp;A agenda de mobiliza&ccedil;&otilde;es do dia 5 de outubro deve se estender ao longo do m&ecirc;s. De 15 a 21 de outubro ser&aacute; realizada a Semana pela Democratiza&ccedil;&atilde;o da Comunica&ccedil;&atilde;o, que acontece anualmente na semana do 18 de outubro, Dia Nacional pela Democratiza&ccedil;&atilde;o das Comunica&ccedil;&otilde;es.<\/p>\n<p><font size=\"3\"><img loading=\"lazy\" decoding=\"async\" src=\"images\/stories\/politica_publicacoes\/c_invertido_pq.png\" alt=\"Active Image\" width=\"15\" height=\"15\" \/><\/font><\/span><\/p>\n","protected":false},"excerpt":{"rendered":"<p>Movimentos Sociais, sindicatos, entidades que atuam no campo das comunica\u00e7\u00f5es, organiza\u00e7\u00f5es de mulheres, negros e quilombolas preparam campanha e mobiliza\u00e7\u00e3o para o dia 5 de outubro, data em que vencem concess\u00f5es das principais emissoras de televis\u00e3o do pa\u00eds.<\/p>\n","protected":false},"author":1,"featured_media":0,"comment_status":"open","ping_status":"open","sticky":false,"template":"","format":"standard","meta":{"footnotes":""},"categories":[40],"tags":[322],"_links":{"self":[{"href":"https:\/\/obscom.intervozes.org.br\/index.php?rest_route=\/wp\/v2\/posts\/19221"}],"collection":[{"href":"https:\/\/obscom.intervozes.org.br\/index.php?rest_route=\/wp\/v2\/posts"}],"about":[{"href":"https:\/\/obscom.intervozes.org.br\/index.php?rest_route=\/wp\/v2\/types\/post"}],"author":[{"embeddable":true,"href":"https:\/\/obscom.intervozes.org.br\/index.php?rest_route=\/wp\/v2\/users\/1"}],"replies":[{"embeddable":true,"href":"https:\/\/obscom.intervozes.org.br\/index.php?rest_route=%2Fwp%2Fv2%2Fcomments&post=19221"}],"version-history":[{"count":0,"href":"https:\/\/obscom.intervozes.org.br\/index.php?rest_route=\/wp\/v2\/posts\/19221\/revisions"}],"wp:attachment":[{"href":"https:\/\/obscom.intervozes.org.br\/index.php?rest_route=%2Fwp%2Fv2%2Fmedia&parent=19221"}],"wp:term":[{"taxonomy":"category","embeddable":true,"href":"https:\/\/obscom.intervozes.org.br\/index.php?rest_route=%2Fwp%2Fv2%2Fcategories&post=19221"},{"taxonomy":"post_tag","embeddable":true,"href":"https:\/\/obscom.intervozes.org.br\/index.php?rest_route=%2Fwp%2Fv2%2Ftags&post=19221"}],"curies":[{"name":"wp","href":"https:\/\/api.w.org\/{rel}","templated":true}]}}