{"id":19218,"date":"2007-09-13T17:04:48","date_gmt":"2007-09-13T17:04:48","guid":{"rendered":"https:\/\/obscom.intervozes.org.br\/wordpress\/?p=19218"},"modified":"2007-09-13T17:04:48","modified_gmt":"2007-09-13T17:04:48","slug":"intervozes-defende-neutralidade-de-redes-na-regulacao-da-convergencia","status":"publish","type":"post","link":"https:\/\/obscom.intervozes.org.br\/?p=19218","title":{"rendered":"Intervozes defende neutralidade de redes na regula\u00e7\u00e3o da converg\u00eancia"},"content":{"rendered":"<p><span>O coordenador do Intervozes (Coletivo Brasil de Comunica&ccedil;&atilde;o Social), Jo&atilde;o Brant, defendeu hoje que a comunica&ccedil;&atilde;o n&atilde;o deva ser regulada apenas do ponto de vista econ&ocirc;mico, mas deve considerar tamb&eacute;m&nbsp; a circula&ccedil;&atilde;o de id&eacute;ias e valores. Para isso, acredita, &eacute; preciso que se preserve dois princ&iacute;pios essenciais, a pluralidade e a diversidade. Brant participou de audi&ecirc;ncia p&uacute;blica conjunta promovida pelas comiss&otilde;es de Ci&ecirc;ncia e Tecnologia e de Desenvolvimento Econ&ocirc;mico da C&acirc;mara que lidam com os projetos de lei da converg&ecirc;ncia.&nbsp;&nbsp;&nbsp;&nbsp; <\/p>\n<p><\/span><span>No opini&atilde;o de Brant, o projeto de lei a ser formulado com base nas proposas que tramitam na C&acirc;mara dever&aacute; abordar quest&otilde;es relativas &agrave; infra-estrutura, neutralidade de redes e universaliza&ccedil;&atilde;o da banda larga entre outras quest&otilde;es, sen&atilde;o o mercado pode virar uma &quot;terra sem lei&quot;. De acordo com ele, o cen&aacute;rio atual das comunica&ccedil;&otilde;es &eacute; de grande concentra&ccedil;&atilde;o e ser&aacute; preciso uma regula&ccedil;&atilde;o forte para reverter essa tend&ecirc;ncia. <\/p>\n<p><\/span><span>Em&nbsp; sua vis&atilde;o, o ideal seria regular a &aacute;rea de comunica&ccedil;&atilde;o por camadas, divididas por infra-estrutura, aplicativos&nbsp; protocolos e conte&uacute;do. &ldquo;A regula&ccedil;&atilde;o por camada soluciona o problema que hoje existe com a regula&ccedil;&atilde;o de servi&ccedil;os&rdquo;, frisou. No entanto, ele advertiu que &eacute; preciso observar o que acontece em cada uma dessas camadas isoladamente, caso contr&aacute;rio, o mercado corre o risco de n&atilde;o suplantar os problemas que j&aacute; existem e aprofundar ainda mais a concentra&ccedil;&atilde;o. &ldquo;N&atilde;o adianta abrir para as teles proverem conte&uacute;do, sem entender como vai se dar o debate sobre neutralidade de rede&rdquo;, exemplificou. <\/p>\n<p><\/span><span>Outro desafio apontado por Brant diz respeito &agrave; produ&ccedil;&atilde;o independente. Para ele, &eacute; necess&aacute;rio garantir a produ&ccedil;&atilde;o regional e independente, al&eacute;m de impedir o controle vertical das cadeias produtivas. &ldquo;&Eacute; preciso levar em conta o interesse p&uacute;blico e n&atilde;o apenas a media&ccedil;&atilde;o de conflitos privados entre diferentes setores produtivos da &aacute;rea&rdquo;, concluiu.&nbsp; <\/p>\n<p><img loading=\"lazy\" decoding=\"async\" src=\"images\/stories\/politica_publicacoes\/c_normal_pq.png\" alt=\"Active Image\" width=\"15\" height=\"15\" \/><\/span><\/p>\n","protected":false},"excerpt":{"rendered":"<p>O coordenador do Intervozes (Coletivo Brasil de Comunica&ccedil;&atilde;o Social), Jo&atilde;o Brant, defendeu hoje que a comunica&ccedil;&atilde;o n&atilde;o deva ser regulada apenas do ponto de vista econ&ocirc;mico, mas deve considerar tamb&eacute;m&nbsp; a circula&ccedil;&atilde;o de id&eacute;ias e valores. Para isso, acredita, &eacute; preciso que se preserve dois princ&iacute;pios essenciais, a pluralidade e a diversidade. Brant participou de &hellip; <a href=\"https:\/\/obscom.intervozes.org.br\/?p=19218\" class=\"more-link\">Continue lendo <span class=\"screen-reader-text\">Intervozes defende neutralidade de redes na regula\u00e7\u00e3o da converg\u00eancia<\/span> <span class=\"meta-nav\">&rarr;<\/span><\/a><\/p>\n","protected":false},"author":1,"featured_media":0,"comment_status":"open","ping_status":"open","sticky":false,"template":"","format":"standard","meta":{"footnotes":""},"categories":[40],"tags":[366],"_links":{"self":[{"href":"https:\/\/obscom.intervozes.org.br\/index.php?rest_route=\/wp\/v2\/posts\/19218"}],"collection":[{"href":"https:\/\/obscom.intervozes.org.br\/index.php?rest_route=\/wp\/v2\/posts"}],"about":[{"href":"https:\/\/obscom.intervozes.org.br\/index.php?rest_route=\/wp\/v2\/types\/post"}],"author":[{"embeddable":true,"href":"https:\/\/obscom.intervozes.org.br\/index.php?rest_route=\/wp\/v2\/users\/1"}],"replies":[{"embeddable":true,"href":"https:\/\/obscom.intervozes.org.br\/index.php?rest_route=%2Fwp%2Fv2%2Fcomments&post=19218"}],"version-history":[{"count":0,"href":"https:\/\/obscom.intervozes.org.br\/index.php?rest_route=\/wp\/v2\/posts\/19218\/revisions"}],"wp:attachment":[{"href":"https:\/\/obscom.intervozes.org.br\/index.php?rest_route=%2Fwp%2Fv2%2Fmedia&parent=19218"}],"wp:term":[{"taxonomy":"category","embeddable":true,"href":"https:\/\/obscom.intervozes.org.br\/index.php?rest_route=%2Fwp%2Fv2%2Fcategories&post=19218"},{"taxonomy":"post_tag","embeddable":true,"href":"https:\/\/obscom.intervozes.org.br\/index.php?rest_route=%2Fwp%2Fv2%2Ftags&post=19218"}],"curies":[{"name":"wp","href":"https:\/\/api.w.org\/{rel}","templated":true}]}}