{"id":19217,"date":"2007-09-13T16:13:26","date_gmt":"2007-09-13T16:13:26","guid":{"rendered":"https:\/\/obscom.intervozes.org.br\/wordpress\/?p=19217"},"modified":"2007-09-13T16:13:26","modified_gmt":"2007-09-13T16:13:26","slug":"relator-defende-cotas-de-conteudo-para-canais-e-programacoes","status":"publish","type":"post","link":"https:\/\/obscom.intervozes.org.br\/?p=19217","title":{"rendered":"Relator defende cotas de conte\u00fado para canais e programa\u00e7\u00f5es"},"content":{"rendered":"<p><span>Algumas id&eacute;ias expostas no projeto de lei 1.908\/2007, do deputado Jo&atilde;o Maia (PR\/RN), devem ser mantidas no substitutivo do deputado Jorge Bittar (PT\/RJ) sobre as mat&eacute;rias que tratam da produ&ccedil;&atilde;o, programa&ccedil;&atilde;o e provimento de conte&uacute;dos. O percentual para as cotas defendido por Maia (50%) est&aacute; bastante alinhado com a id&eacute;ia de Bittar, por exemplo, segundo o pr&oacute;prio deputado. Por&eacute;m, Bittar tamb&eacute;m trabalha com uma linha mais complexa para fixar os percentuais de transmiss&atilde;o do conte&uacute;do nacional. A hip&oacute;tese que tem se revelado como mais promissora &eacute; fazer uma mescla entre cotas para cada um dos canais e para a programa&ccedil;&atilde;o em um todo.<\/p>\n<p><\/span><span>&quot;Estabelecer um percentual para toda a programa&ccedil;&atilde;o pode acabar criando uma pol&iacute;tica de guetos, onde ser&atilde;o criados canais apenas para transmiss&atilde;o do conte&uacute;do nacional. A id&eacute;ia que estou trabalhando &eacute; estipular uma cota pequena, discreta para todos os canais e uma outra mais robusta para o pacote todo. Essa &eacute; a tend&ecirc;ncia&quot;, afirmou o deputado. Para as cotas maiores, o percentual pode ser os 50% sugeridos por Maia.<\/p>\n<p><\/span><span>Essa linha deve solucionar um temor expressado pelos radiodifusores em diversas audi&ecirc;ncias p&uacute;blicas na C&acirc;mara dos Deputados: como conciliar a inclus&atilde;o da produ&ccedil;&atilde;o nacional em canais estruturalmente montados com programa&ccedil;&atilde;o internacional. Com cotas mistas, Bittar acredita que ser&aacute; poss&iacute;vel atingir o objetivo de disseminar o conte&uacute;do nacional sem estabelecer percentuais imposs&iacute;veis de serem cumpridos na pr&aacute;tica.<\/p>\n<p><\/span><span>O alinhamento do projeto de Jo&atilde;o Maia com as id&eacute;ias de Bittar facilitou o apensamento da proposta &agrave;s medidas que j&aacute; est&atilde;o em tramita&ccedil;&atilde;o na Casa. O PL 1.908\/2007 foi apensado oficialmente nesta quarta-feira, 12, ao projeto de lei 29\/2007, de autoria do deputado Paulo Bornhausen (DEM\/SC). Assim, este &eacute; o quarto projeto a ser inclu&iacute;do na tramita&ccedil;&atilde;o da proposta de Bornhausen, que tem car&aacute;ter conclusivo nas comiss&otilde;es, ou seja, n&atilde;o precisa ir a Plen&aacute;rio para ser votado.<\/p>\n<p><\/span><span><strong>Anatel e Ancine separadas<\/p>\n<p><\/strong><\/span><span>A possibilidade de unir futuramente a ag&ecirc;ncia de cinema (Ancine) &agrave; Anatel, por enquanto, n&atilde;o ser&aacute; levada a cabo. N&atilde;o est&aacute; nos planos de Bittar mudar a estrutura dos &oacute;rg&atilde;os dentro de uma lei sobre conte&uacute;do, mas o substitutivo trar&aacute; defini&ccedil;&otilde;es claras de gest&atilde;o para as duas autarquias. &quot;Quem fiscaliza o audiovisual, pela lei, &eacute; a Ancine. Mas a Anatel ter&aacute; um papel importante na fiscaliza&ccedil;&atilde;o do cumprimento das cotas pelas empresas. Isso estar&aacute; discriminado&quot;, explicou o relator.<\/p>\n<p><\/span><span><strong>Parecer na pr&oacute;xima semana<\/p>\n<p><\/strong><\/span><span>Bittar pretende aproveitar a grande Confer&ecirc;ncia Nacional Preparat&oacute;ria de Comunica&ccedil;&otilde;es, onde C&acirc;mara dos Deputados e Senado Federal se unir&atilde;o para debater o futuro do setor, especialmente na &aacute;rea de conte&uacute;do, para apresentar seu parecer sobre os projetos. Inicialmente, o deputado n&atilde;o ir&aacute; distribuir o texto final de seu substitutivo. <\/p>\n<p><\/span><span>Ser&aacute; uma apresenta&ccedil;&atilde;o dos pontos estrat&eacute;gicos &#8211; como cotas e as regras de produ&ccedil;&atilde;o, programa&ccedil;&atilde;o e difus&atilde;o de conte&uacute;do &#8211; que estar&atilde;o em seu parecer. A confer&ecirc;ncia come&ccedil;a na pr&oacute;xima segunda-feira, 17, &agrave;s 19h30, no audit&oacute;rio Nereu Ramos, na C&acirc;mara dos Deputados. <\/p>\n<p><font size=\"3\"><img loading=\"lazy\" decoding=\"async\" src=\"images\/stories\/politica_publicacoes\/c_normal_pq.png\" alt=\"Active Image\" width=\"15\" height=\"15\" \/><\/font><\/span><\/p>\n","protected":false},"excerpt":{"rendered":"<p>Algumas id&eacute;ias expostas no projeto de lei 1.908\/2007, do deputado Jo&atilde;o Maia (PR\/RN), devem ser mantidas no substitutivo do deputado Jorge Bittar (PT\/RJ) sobre as mat&eacute;rias que tratam da produ&ccedil;&atilde;o, programa&ccedil;&atilde;o e provimento de conte&uacute;dos. O percentual para as cotas defendido por Maia (50%) est&aacute; bastante alinhado com a id&eacute;ia de Bittar, por exemplo, segundo &hellip; <a href=\"https:\/\/obscom.intervozes.org.br\/?p=19217\" class=\"more-link\">Continue lendo <span class=\"screen-reader-text\">Relator defende cotas de conte\u00fado para canais e programa\u00e7\u00f5es<\/span> <span class=\"meta-nav\">&rarr;<\/span><\/a><\/p>\n","protected":false},"author":1,"featured_media":0,"comment_status":"open","ping_status":"open","sticky":false,"template":"","format":"standard","meta":{"footnotes":""},"categories":[40],"tags":[164],"_links":{"self":[{"href":"https:\/\/obscom.intervozes.org.br\/index.php?rest_route=\/wp\/v2\/posts\/19217"}],"collection":[{"href":"https:\/\/obscom.intervozes.org.br\/index.php?rest_route=\/wp\/v2\/posts"}],"about":[{"href":"https:\/\/obscom.intervozes.org.br\/index.php?rest_route=\/wp\/v2\/types\/post"}],"author":[{"embeddable":true,"href":"https:\/\/obscom.intervozes.org.br\/index.php?rest_route=\/wp\/v2\/users\/1"}],"replies":[{"embeddable":true,"href":"https:\/\/obscom.intervozes.org.br\/index.php?rest_route=%2Fwp%2Fv2%2Fcomments&post=19217"}],"version-history":[{"count":0,"href":"https:\/\/obscom.intervozes.org.br\/index.php?rest_route=\/wp\/v2\/posts\/19217\/revisions"}],"wp:attachment":[{"href":"https:\/\/obscom.intervozes.org.br\/index.php?rest_route=%2Fwp%2Fv2%2Fmedia&parent=19217"}],"wp:term":[{"taxonomy":"category","embeddable":true,"href":"https:\/\/obscom.intervozes.org.br\/index.php?rest_route=%2Fwp%2Fv2%2Fcategories&post=19217"},{"taxonomy":"post_tag","embeddable":true,"href":"https:\/\/obscom.intervozes.org.br\/index.php?rest_route=%2Fwp%2Fv2%2Ftags&post=19217"}],"curies":[{"name":"wp","href":"https:\/\/api.w.org\/{rel}","templated":true}]}}