{"id":19216,"date":"2007-09-13T16:09:50","date_gmt":"2007-09-13T16:09:50","guid":{"rendered":"https:\/\/obscom.intervozes.org.br\/wordpress\/?p=19216"},"modified":"2007-09-13T16:09:50","modified_gmt":"2007-09-13T16:09:50","slug":"fusao-radiobras-tve-nao-tera-custo-adicional-para-contribuinte-diz-assessor","status":"publish","type":"post","link":"https:\/\/obscom.intervozes.org.br\/?p=19216","title":{"rendered":"Fus\u00e3o Radiobr\u00e1s-TVE n\u00e3o ter\u00e1 custo adicional para contribuinte, diz assessor"},"content":{"rendered":"<p><span>Rio de Janeiro &#8211; O financiamento da nova empresa de comunica&ccedil;&atilde;o p&uacute;blica do governo federal n&atilde;o trar&aacute; qualquer custo adicional ao cidad&atilde;o. A afirma&ccedil;&atilde;o &eacute; do assessor especial da Secretaria de Comunica&ccedil;&atilde;o Social da Presid&ecirc;ncia da Rep&uacute;blica, Eduardo Castro. Segundo ele, diferentemente do que ocorre em outros pa&iacute;ses como a Inglaterra, os ouvintes n&atilde;o ter&atilde;o que pagar taxas extras para manter o novo sistema p&uacute;blico. <\/p>\n<p><\/span><span>Em entrevista ao programa Reda&ccedil;&atilde;o Nacional, da R&aacute;dio Nacional do Rio de Janeiro, Castro disse que a nova empresa, que surgir&aacute; da fus&atilde;o entre a Radiobr&aacute;s e a Associa&ccedil;&atilde;o de Comunica&ccedil;&atilde;o Educativa Roquette Pinto (Acerp), continuar&aacute; sendo mantida pelo or&ccedil;amento da Uni&atilde;o, mas tamb&eacute;m ter&aacute; outras fontes de financiamento. Segundo o assessor, entre essas outras fontes est&atilde;o o estabelecimento de parcerias, incentivos e patroc&iacute;nios institucionais. <\/p>\n<p><\/span><span>Este novo sistema, que deve ser implantado at&eacute; o final do ano, n&atilde;o se estrutura pela l&oacute;gica comercial, ou seja, busca uma organiza&ccedil;&atilde;o que n&atilde;o seja submetida &agrave; interfer&ecirc;ncia da iniciativa privada e aos interesses do governante, afirmou Castro. <\/p>\n<p><\/span><span>&ldquo;A comunica&ccedil;&atilde;o p&uacute;blica &eacute; paga pelo estado, porque n&oacute;s pagamos os nossos impostos e com isso temos o direito de ter uma comunica&ccedil;&atilde;o de qualidade e esse &eacute; o intuito e o trabalho que estamos fazendo agora para transformar as r&aacute;dios e emissoras de TV, que s&atilde;o nesse momento do governo federal, tirando do sistema estatal de comunica&ccedil;&atilde;o para que elas passem para o sistema p&uacute;blico&rdquo;, comentou Castro. <\/p>\n<p><\/span><span>A Radiobr&aacute;s possui uma rede composta por seis emissoras de r&aacute;dio, tr&ecirc;s de TV, seis servi&ccedil;os de clipping, duas ag&ecirc;ncias de not&iacute;cias e o programa de r&aacute;dio &ldquo;Caf&eacute; com o Presidente&rdquo;. Enquanto a Acerp, formada pela TVE e R&aacute;dio MEC, possui quatro emissoras de radio e quatro canais de TV, sendo que dois operam com transmiss&atilde;o via sat&eacute;lite: a Rede Brasil e TV Escola. <\/p>\n<p><\/span><span>A fus&atilde;o entre estas empresas se insere em um projeto elaborado pelo grupo interministerial que discute a organiza&ccedil;&atilde;o de um sistema de comunica&ccedil;&atilde;o a ser implantado no pa&iacute;s. O governo federal estipulou o dia 2 de dezembro como prazo para o in&iacute;cio do funcionamento da TV p&uacute;blica brasileira, quando o sinal digital tamb&eacute;m come&ccedil;a a ser transmitido. <\/p>\n<p><\/span><span>O assessor especial da Secretaria de Comunica&ccedil;&atilde;o Social considera ainda que a fus&atilde;o respeitar&aacute; a tradi&ccedil;&atilde;o e a hist&oacute;ria das emissoras na elabora&ccedil;&atilde;o da grade de programa&ccedil;&atilde;o, como tamb&eacute;m fortalecer&aacute; ambas empresas. <\/span><span>&ldquo;Os dois maiores nomes do r&aacute;dio no pa&iacute;s estar&atilde;o, pela primeira vez, se organizando para trabalhar conjuntamente. Eles v&atilde;o est&aacute; trabalhando de forma organizada e concatenada para que esteja prestando um servi&ccedil;o para a popula&ccedil;&atilde;o que seja o melhor poss&iacute;vel sem que eles se sobreponham e concorram um com o outro, se tornando um sistema mais forte&rdquo;, diz Eduardo Castro.<\/p>\n<p><img loading=\"lazy\" decoding=\"async\" src=\"images\/stories\/politica_publicacoes\/cc_pq.png\" alt=\"Active Image\" width=\"15\" height=\"15\" \/><\/span><\/p>\n","protected":false},"excerpt":{"rendered":"<p>Rio de Janeiro &#8211; O financiamento da nova empresa de comunica&ccedil;&atilde;o p&uacute;blica do governo federal n&atilde;o trar&aacute; qualquer custo adicional ao cidad&atilde;o. A afirma&ccedil;&atilde;o &eacute; do assessor especial da Secretaria de Comunica&ccedil;&atilde;o Social da Presid&ecirc;ncia da Rep&uacute;blica, Eduardo Castro. Segundo ele, diferentemente do que ocorre em outros pa&iacute;ses como a Inglaterra, os ouvintes n&atilde;o ter&atilde;o &hellip; <a href=\"https:\/\/obscom.intervozes.org.br\/?p=19216\" class=\"more-link\">Continue lendo <span class=\"screen-reader-text\">Fus\u00e3o Radiobr\u00e1s-TVE n\u00e3o ter\u00e1 custo adicional para contribuinte, diz assessor<\/span> <span class=\"meta-nav\">&rarr;<\/span><\/a><\/p>\n","protected":false},"author":1,"featured_media":0,"comment_status":"open","ping_status":"open","sticky":false,"template":"","format":"standard","meta":{"footnotes":""},"categories":[40],"tags":[380],"_links":{"self":[{"href":"https:\/\/obscom.intervozes.org.br\/index.php?rest_route=\/wp\/v2\/posts\/19216"}],"collection":[{"href":"https:\/\/obscom.intervozes.org.br\/index.php?rest_route=\/wp\/v2\/posts"}],"about":[{"href":"https:\/\/obscom.intervozes.org.br\/index.php?rest_route=\/wp\/v2\/types\/post"}],"author":[{"embeddable":true,"href":"https:\/\/obscom.intervozes.org.br\/index.php?rest_route=\/wp\/v2\/users\/1"}],"replies":[{"embeddable":true,"href":"https:\/\/obscom.intervozes.org.br\/index.php?rest_route=%2Fwp%2Fv2%2Fcomments&post=19216"}],"version-history":[{"count":0,"href":"https:\/\/obscom.intervozes.org.br\/index.php?rest_route=\/wp\/v2\/posts\/19216\/revisions"}],"wp:attachment":[{"href":"https:\/\/obscom.intervozes.org.br\/index.php?rest_route=%2Fwp%2Fv2%2Fmedia&parent=19216"}],"wp:term":[{"taxonomy":"category","embeddable":true,"href":"https:\/\/obscom.intervozes.org.br\/index.php?rest_route=%2Fwp%2Fv2%2Fcategories&post=19216"},{"taxonomy":"post_tag","embeddable":true,"href":"https:\/\/obscom.intervozes.org.br\/index.php?rest_route=%2Fwp%2Fv2%2Ftags&post=19216"}],"curies":[{"name":"wp","href":"https:\/\/api.w.org\/{rel}","templated":true}]}}