{"id":19203,"date":"2007-09-12T18:36:31","date_gmt":"2007-09-12T18:36:31","guid":{"rendered":"https:\/\/obscom.intervozes.org.br\/wordpress\/?p=19203"},"modified":"2007-09-12T18:36:31","modified_gmt":"2007-09-12T18:36:31","slug":"codigo-brasileiro-de-telecomunicacoes-a-historia-sem-bem-nem-mal","status":"publish","type":"post","link":"https:\/\/obscom.intervozes.org.br\/?p=19203","title":{"rendered":"C\u00f3digo Brasileiro de Telecomunica\u00e7\u00f5es: a Hist\u00f3ria sem \u201cBem\u201d nem \u201cMal\u201d"},"content":{"rendered":"<p style=\"margin: 0cm 0cm 0pt\" class=\"MsoNormal\"><span>Passados 45 anos de sua promulga&ccedil;&atilde;o, o C&oacute;digo Brasileiro de Telecomunica&ccedil;&otilde;es ainda desperta pol&ecirc;mica. Nas &uacute;ltimas semanas, que marcaram o anivers&aacute;rio do CBT, a import&acirc;ncia atual do marco foi debatida, neste Observat&oacute;rio, por pelo menos dois artigos &ndash; um de Ven&iacute;cio A. de Lima (&quot;45 anos do CBT: Sem festas, nada a celebrar&quot;) e outro de autoria de um dos autores deste texto (&quot;De volta para o futuro, 45 anos depois&quot;). &Eacute; curioso que, em manifesta&ccedil;&atilde;o recente, Walter Vieira Ceneviva (&quot;Marco regulat&oacute;rio contra o arb&iacute;trio&quot;) opte por tentar recontar o passado com uma &oacute;tica do presente, na cr&iacute;tica que faz ao trabalho &quot;Mem&oacute;ria da gesta&ccedil;&atilde;o do C&oacute;digo Brasileiro de Telecomunica&ccedil;&otilde;es&quot;, de nossa autoria. <\/p>\n<p><\/span><span>O artigo que Ceneviva critica foi elaborado originalmente como texto acad&ecirc;mico, publicado na revista eletr&ocirc;nica Eptic, tal como mencionado por este Observat&oacute;rio, e tem as caracter&iacute;sticas naturais a este tipo de trabalho: um espa&ccedil;o pr&eacute;-definido; um objetivo espec&iacute;fico e delimita&ccedil;&atilde;o em fun&ccedil;&atilde;o do tema analisado. Nesse caso, o foco era o processo legislativo que levou &agrave; promulga&ccedil;&atilde;o do C&oacute;digo Brasileiro de Telecomunica&ccedil;&otilde;es, restringida a an&aacute;lise, portanto, &agrave;quele per&iacute;odo hist&oacute;rico. Beira a obviedade afirmar que esse &eacute; o cen&aacute;rio temporal a ser levado em considera&ccedil;&atilde;o na an&aacute;lise de um epis&oacute;dio ocorrido em 1962.<\/p>\n<p><\/span><span>Em seu artigo, Ceneviva trata de tr&ecirc;s momentos hist&oacute;ricos distintos, abordando-os com o mesmo olhar que hoje dirige &agrave; radiodifus&atilde;o. O primeiro momento citado por Ceneviva &eacute; a ditadura capitaneada por Get&uacute;lio Vargas. O autor cita o exemplo de uma emissora de r&aacute;dio, cuja concess&atilde;o n&atilde;o foi renovada pelo governante em 1945. Conforme parecer do ent&atilde;o consultor-geral da Rep&uacute;blica, Themistocles Cavalcanti, o presidente da Rep&uacute;blica tinha compet&ecirc;ncia para assim proceder, dados os documentos legais existentes (decretos e contrato de concess&atilde;o). Com base nesse parecer, Ceneviva manifesta todo o seu espanto e conclui:<\/p>\n<p><\/span><span><em>&quot;Ningu&eacute;m ganha com o arb&iacute;trio do presidente da Rep&uacute;blica, salvo o pr&oacute;prio presidente. Limitar o poder do presidente da Rep&uacute;blica e, portanto, derrubar os vetos de Jo&atilde;o Goulart, era uma miss&atilde;o de enorme import&acirc;ncia, n&atilde;o apenas para os empres&aacute;rios de radiodifus&atilde;o. Limitar o arb&iacute;trio dizia (e diz!) respeito ao interesse do Brasil, a&iacute; inclu&iacute;dos os empres&aacute;rios, a classe pol&iacute;tica e a sociedade brasileira&quot;.<\/em><\/p>\n<p><\/span><span>Ou seja: tomando o exemplo da n&atilde;o renova&ccedil;&atilde;o de uma concess&atilde;o por um ditador, o autor presume que era preciso brecar qualquer poss&iacute;vel a&ccedil;&atilde;o de um presidente da Rep&uacute;blica escolhido democraticamente (eleito vice-presidente de Juscelino Kubitschek e reeleito para o mesmo posto no governo de J&acirc;nio Quadros, a quem substituiu na Presid&ecirc;ncia). Mais que isso: insinua que os vetos de Jo&atilde;o Goulart ampliavam as possibilidades de &quot;arb&iacute;trio&quot;, pr&aacute;tica a ser coibida tamb&eacute;m no presente. Assim, o &quot;Mal&quot; das hist&oacute;rias infantis torna-se o presidente da Rep&uacute;blica e o &quot;Bem&quot;, os empres&aacute;rios, a classe pol&iacute;tica e a sociedade brasileira, de acordo com o relato de Ceneviva &ndash; curiosamente fazendo uso da oposi&ccedil;&atilde;o de atores que criticara em seu pr&oacute;prio artigo.<\/p>\n<p><\/span><span><strong>Mote da uni&atilde;o<\/p>\n<p><\/strong><\/span><span>N&atilde;o menos curiosa &eacute; a generaliza&ccedil;&atilde;o dos vetos de Jo&atilde;o Goulart, feita pelo autor. Conforme claramente mencionado em nosso artigo que originou o debate, os citados vetos podem ser agrupados da seguinte forma:<\/p>\n<p><\/span><span><u>Vetos de Jo&atilde;o Goulart ao C&oacute;digo Brasileiro de Telecomunica&ccedil;&otilde;es (CBT):<\/u><\/span><\/p>\n<p style=\"margin: 0cm 0cm 0pt\" class=\"MsoNormal\">&nbsp;<\/p>\n<p><span><\/p>\n<table border=\"1\" cellspacing=\"0\" cellpadding=\"0\" width=\"590\" class=\"MsoTableGrid\" style=\"width: 442.8pt; border-collapse: collapse; border: medium none\">\n<tbody>\n<tr>\n<td width=\"197\" valign=\"top\" style=\"padding-right: 5.4pt; padding-left: 5.4pt; padding-bottom: 0cm; width: 147.6pt; padding-top: 0cm; background-color: transparent; border: windowtext 1pt solid\"><span><font face=\"Times New Roman\" size=\"3\">&nbsp;<\/font><\/span><\/td>\n<td width=\"197\" style=\"border-right: windowtext 1pt solid; padding-right: 5.4pt; border-top: windowtext 1pt solid; padding-left: 5.4pt; padding-bottom: 0cm; border-left: #e0dfe3; width: 147.6pt; padding-top: 0cm; border-bottom: windowtext 1pt solid; background-color: transparent\"><font face=\"Times New Roman\"><strong><span style=\"font-size: 10pt\">N&uacute;mero de Vetos<\/span><\/strong><\/font><\/td>\n<td width=\"197\" style=\"border-right: windowtext 1pt solid; padding-right: 5.4pt; border-top: windowtext 1pt solid; padding-left: 5.4pt; padding-bottom: 0cm; border-left: #e0dfe3; width: 147.6pt; padding-top: 0cm; border-bottom: windowtext 1pt solid; background-color: transparent\"><font face=\"Times New Roman\"><strong><span style=\"font-size: 10pt\">% do Total<\/span><\/strong><\/font><\/td>\n<\/tr>\n<tr>\n<td width=\"197\" valign=\"top\" style=\"border-right: windowtext 1pt solid; padding-right: 5.4pt; border-top: #e0dfe3; padding-left: 5.4pt; padding-bottom: 0cm; border-left: windowtext 1pt solid; width: 147.6pt; padding-top: 0cm; border-bottom: windowtext 1pt solid; background-color: transparent\"><font face=\"Times New Roman\"><strong><span style=\"font-size: 10pt\">Fortalecimento do Presidente da Rep&uacute;blica<\/span><\/strong><\/font><\/td>\n<td width=\"197\" style=\"border-right: windowtext 1pt solid; padding-right: 5.4pt; border-top: #e0dfe3; padding-left: 5.4pt; padding-bottom: 0cm; border-left: #e0dfe3; width: 147.6pt; padding-top: 0cm; border-bottom: windowtext 1pt solid; background-color: transparent\"><font face=\"Times New Roman\"><span style=\"font-size: 10pt\">13<\/span><\/font><\/td>\n<td width=\"197\" style=\"border-right: windowtext 1pt solid; padding-right: 5.4pt; border-top: #e0dfe3; padding-left: 5.4pt; padding-bottom: 0cm; border-left: #e0dfe3; width: 147.6pt; padding-top: 0cm; border-bottom: windowtext 1pt solid; background-color: transparent\"><font face=\"Times New Roman\"><span style=\"font-size: 10pt\">25<\/span><\/font><\/td>\n<\/tr>\n<tr>\n<td width=\"197\" valign=\"top\" style=\"border-right: windowtext 1pt solid; padding-right: 5.4pt; border-top: #e0dfe3; padding-left: 5.4pt; padding-bottom: 0cm; border-left: windowtext 1pt solid; width: 147.6pt; padding-top: 0cm; border-bottom: windowtext 1pt solid; background-color: transparent\"><font face=\"Times New Roman\"><strong><span style=\"font-size: 10pt\">Compet&ecirc;ncias de minist&eacute;rios e outros &oacute;rg&atilde;os<\/span><\/strong><\/font><\/td>\n<td width=\"197\" style=\"border-right: windowtext 1pt solid; padding-right: 5.4pt; border-top: #e0dfe3; padding-left: 5.4pt; padding-bottom: 0cm; border-left: #e0dfe3; width: 147.6pt; padding-top: 0cm; border-bottom: windowtext 1pt solid; background-color: transparent\"><font face=\"Times New Roman\"><span style=\"font-size: 10pt\">16<\/span><\/font><\/td>\n<td width=\"197\" style=\"border-right: windowtext 1pt solid; padding-right: 5.4pt; border-top: #e0dfe3; padding-left: 5.4pt; padding-bottom: 0cm; border-left: #e0dfe3; width: 147.6pt; padding-top: 0cm; border-bottom: windowtext 1pt solid; background-color: transparent\"><font face=\"Times New Roman\"><span style=\"font-size: 10pt\">30,77<\/span><\/font><\/td>\n<\/tr>\n<tr>\n<td width=\"197\" valign=\"top\" style=\"border-right: windowtext 1pt solid; padding-right: 5.4pt; border-top: #e0dfe3; padding-left: 5.4pt; padding-bottom: 0cm; border-left: windowtext 1pt solid; width: 147.6pt; padding-top: 0cm; border-bottom: windowtext 1pt solid; background-color: transparent\"><font face=\"Times New Roman\"><strong><span style=\"font-size: 10pt\">Conflito com outros marcos legais<\/span><\/strong><\/font><\/td>\n<td width=\"197\" style=\"border-right: windowtext 1pt solid; padding-right: 5.4pt; border-top: #e0dfe3; padding-left: 5.4pt; padding-bottom: 0cm; border-left: #e0dfe3; width: 147.6pt; padding-top: 0cm; border-bottom: windowtext 1pt solid; background-color: transparent\"><font face=\"Times New Roman\"><span style=\"font-size: 10pt\">8<\/span><\/font><\/td>\n<td width=\"197\" style=\"border-right: windowtext 1pt solid; padding-right: 5.4pt; border-top: #e0dfe3; padding-left: 5.4pt; padding-bottom: 0cm; border-left: #e0dfe3; width: 147.6pt; padding-top: 0cm; border-bottom: windowtext 1pt solid; background-color: transparent\"><font face=\"Times New Roman\"><span style=\"font-size: 10pt\">15,38<\/span><\/font><\/td>\n<\/tr>\n<tr>\n<td width=\"197\" valign=\"top\" style=\"border-right: windowtext 1pt solid; padding-right: 5.4pt; border-top: #e0dfe3; padding-left: 5.4pt; padding-bottom: 0cm; border-left: windowtext 1pt solid; width: 147.6pt; padding-top: 0cm; border-bottom: windowtext 1pt solid; background-color: transparent\"><font face=\"Times New Roman\"><strong><span style=\"font-size: 10pt\">Imprecis&atilde;o do texto do CBT<\/span><\/strong><\/font><\/td>\n<td width=\"197\" style=\"border-right: windowtext 1pt solid; padding-right: 5.4pt; border-top: #e0dfe3; padding-left: 5.4pt; padding-bottom: 0cm; border-left: #e0dfe3; width: 147.6pt; padding-top: 0cm; border-bottom: windowtext 1pt solid; background-color: transparent\"><font face=\"Times New Roman\"><span style=\"font-size: 10pt\">11<\/span><\/font><\/td>\n<td width=\"197\" style=\"border-right: windowtext 1pt solid; padding-right: 5.4pt; border-top: #e0dfe3; padding-left: 5.4pt; padding-bottom: 0cm; border-left: #e0dfe3; width: 147.6pt; padding-top: 0cm; border-bottom: windowtext 1pt solid; background-color: transparent\"><font face=\"Times New Roman\"><span style=\"font-size: 10pt\">21,15<\/span><\/font><\/td>\n<\/tr>\n<tr>\n<td width=\"197\" valign=\"top\" style=\"border-right: windowtext 1pt solid; padding-right: 5.4pt; border-top: #e0dfe3; padding-left: 5.4pt; padding-bottom: 0cm; border-left: windowtext 1pt solid; width: 147.6pt; padding-top: 0cm; border-bottom: windowtext 1pt solid; background-color: transparent\"><font face=\"Times New Roman\"><strong><span style=\"font-size: 10pt\">Outras<\/span><\/strong><\/font><\/td>\n<td width=\"197\" style=\"border-right: windowtext 1pt solid; padding-right: 5.4pt; border-top: #e0dfe3; padding-left: 5.4pt; padding-bottom: 0cm; border-left: #e0dfe3; width: 147.6pt; padding-top: 0cm; border-bottom: windowtext 1pt solid; background-color: transparent\"><font face=\"Times New Roman\"><span style=\"font-size: 10pt\">4<\/span><\/font><\/td>\n<td width=\"197\" style=\"border-right: windowtext 1pt solid; padding-right: 5.4pt; border-top: #e0dfe3; padding-left: 5.4pt; padding-bottom: 0cm; border-left: #e0dfe3; width: 147.6pt; padding-top: 0cm; border-bottom: windowtext 1pt solid; background-color: transparent\"><font face=\"Times New Roman\"><span style=\"font-size: 10pt\">7,70<\/span><\/font><\/td>\n<\/tr>\n<tr>\n<td width=\"197\" valign=\"top\" style=\"border-right: windowtext 1pt solid; padding-right: 5.4pt; border-top: #e0dfe3; padding-left: 5.4pt; padding-bottom: 0cm; border-left: windowtext 1pt solid; width: 147.6pt; padding-top: 0cm; border-bottom: windowtext 1pt solid; background-color: transparent\"><font face=\"Times New Roman\"><strong><span style=\"font-size: 10pt\">Total<\/span><\/strong><\/font><\/td>\n<td width=\"197\" style=\"border-right: windowtext 1pt solid; padding-right: 5.4pt; border-top: #e0dfe3; padding-left: 5.4pt; padding-bottom: 0cm; border-left: #e0dfe3; width: 147.6pt; padding-top: 0cm; border-bottom: windowtext 1pt solid; background-color: transparent\"><font face=\"Times New Roman\"><strong><span style=\"font-size: 10pt\">52<\/span><\/strong><\/font><\/td>\n<td width=\"197\" style=\"border-right: windowtext 1pt solid; padding-right: 5.4pt; border-top: #e0dfe3; padding-left: 5.4pt; padding-bottom: 0cm; border-left: #e0dfe3; width: 147.6pt; padding-top: 0cm; border-bottom: windowtext 1pt solid; background-color: transparent\"><strong><span style=\"font-size: 10pt\"><font face=\"Times New Roman\">100%<\/font><\/span><\/strong><\/td>\n<\/tr>\n<\/tbody>\n<\/table>\n<p><\/span><span><em>FONTE: Elabora&ccedil;&atilde;o dos autores<\/em><\/p>\n<p><\/span><span>Assim, tr&ecirc;s quartos dos vetos n&atilde;o se referiam ao fortalecimento do presidente da Rep&uacute;blica &ndash; o suposto &quot;arb&iacute;trio&quot; criticado por Ceneviva. Eis o exemplo de um deles: a tentativa de impedir a renova&ccedil;&atilde;o autom&aacute;tica das concess&otilde;es, mesmo que o Poder P&uacute;blico n&atilde;o se manifestasse sobre o pleito em at&eacute; 120 dias. Em tempos de mudan&ccedil;a da administra&ccedil;&atilde;o p&uacute;blica para Bras&iacute;lia e transfer&ecirc;ncia de compet&ecirc;ncias, de pessoal (em n&uacute;mero insuficiente) e de material (disperso e confuso) da Comiss&atilde;o T&eacute;cnica de R&aacute;dio (CTR) para o Contel, a probabilidade de atraso naquele procedimento era gigantesca.<\/p>\n<p><\/span><span>Em sua transposi&ccedil;&atilde;o do cen&aacute;rio pol&iacute;tico de 1962 para o presente, Ceneviva chama aten&ccedil;&atilde;o para a falta de coes&atilde;o interna entre os grupos que denomina de &quot;Bem&quot; e &quot;Mal&quot;. N&atilde;o h&aacute; d&uacute;vidas de que, hoje, o fortalecimento de grupos pol&iacute;ticos e a complexidade do cen&aacute;rio empresarial resultam na participa&ccedil;&atilde;o de um maior n&uacute;mero de atores, com distintas demandas, no debate p&uacute;blico. &Eacute; errado afirmar, por&eacute;m, que essa era a realidade de 1962. No processo de aprova&ccedil;&atilde;o do CBT, parlamentares manifestaram-se em vota&ccedil;&atilde;o nominal. Se a rejei&ccedil;&atilde;o expl&iacute;cita de 52 vetos de um presidente da Rep&uacute;blica a um (&agrave; &eacute;poca) projeto de lei n&atilde;o demonstra a converg&ecirc;ncia de interesses, nada mais a demonstra. <\/p>\n<p><\/span><span>Tampouco o grupo dos empres&aacute;rios, naquele momento, demonstrava os interesses divergentes aos quais se refere Ceneviva. Como o pr&oacute;prio site da Associa&ccedil;&atilde;o Brasileira de Emissoras de R&aacute;dio e Televis&atilde;o (ABERT) afirma em seu hist&oacute;rico, Jo&atilde;o Calmon, futuro presidente da entidade, conseguiu reunir, &agrave;s v&eacute;speras da aprecia&ccedil;&atilde;o dos vetos, 213 representantes de empresas do setor, em Bras&iacute;lia, em encontro classificado como &quot;hist&oacute;rico&quot;. Note-se que, &agrave; &eacute;poca, ainda n&atilde;o existiam as grandes redes; as empresas do setor, em geral, eram menores; e multiplicavam-se as dificuldades de transporte at&eacute; a nova capital federal. <\/p>\n<p><\/span><span>Por si s&oacute;, a reuni&atilde;o refletia inequ&iacute;voca demonstra&ccedil;&atilde;o de for&ccedil;a e defesa de interesses convergentes. Esses interesses eram o mote para a uni&atilde;o, inclusive, dos empres&aacute;rios de radiodifus&atilde;o com os atuantes no setor de telefonia, de acordo com o relato de Quandt de Oliveira (um dos &uacute;nicos sobre o epis&oacute;dio), ex-ministro das Comunica&ccedil;&otilde;es e ex-presidente do Contel e da Telebr&aacute;s, em seu livro Renascem as Telecomunica&ccedil;&otilde;es (Editel, 1992, p. 62-63):<\/p>\n<p><\/span><span><em>&quot;A uni&atilde;o de esfor&ccedil;os dos homens de telecomunica&ccedil;&otilde;es com os de radiodifus&atilde;o foi bastante proveitosa e seus argumentos junto aos congressistas atingiram o objetivo desejado. Chamou-lhes a aten&ccedil;&atilde;o e despertou-lhes o interesse para o problema global das telecomunica&ccedil;&otilde;es, n&atilde;o ficando o projeto apenas restrito &agrave; radiodifus&atilde;o, como anteriormente ocorrera (&#8230;). Os vetos provocaram forte rea&ccedil;&atilde;o, tanto de parte do pessoal interessado em telecomunica&ccedil;&otilde;es, como, principalmente, em radiodifus&atilde;o. Houve uma mobiliza&ccedil;&atilde;o total de todos os radiodifusores, grandes e pequenos, que se deslocaram em massa para Bras&iacute;lia, a fim de defender o texto t&atilde;o longamente discutido antes de ser aprovado&quot;.<br \/><\/em><br \/><\/span><span><strong>Par&acirc;metros objetivos<\/p>\n<p><\/strong><\/span><span>Em suma: houve, sim, uma defesa coletiva de interesses &ndash; por &oacute;bvio &ndash; convergentes. Se havia, em 1962, diverg&ecirc;ncias entre os empres&aacute;rios, essas eram pequenas, m&iacute;nimas. Por outro lado, a oposi&ccedil;&atilde;o a esses interesses convergentes vinha de poucos atores, principalmente do presidente da Rep&uacute;blica. A sociedade civil organizada, &agrave; &eacute;poca, pouco se manifestara sobre o tema, inexistindo de sua parte uma mobiliza&ccedil;&atilde;o em torno da discuss&atilde;o das telecomunica&ccedil;&otilde;es no Brasil. Note-se que essa constata&ccedil;&atilde;o, de nenhum modo, implica uma vis&atilde;o manique&iacute;sta dos diversos atores envolvidos; mas, apenas, reflete um enfrentamento comum &agrave; din&acirc;mica social e a coes&atilde;o existente, em 1962, entre os empres&aacute;rios de telecomunica&ccedil;&otilde;es.<\/p>\n<p><\/span><span>Se &eacute; imposs&iacute;vel transpor a realidade do cen&aacute;rio pol&iacute;tico de 1962 para o presente, permanecem vivos e atuais outros problemas (que o artigo original n&atilde;o pretendeu debater). Um deles &eacute; certamente a possibilidade de n&atilde;o renova&ccedil;&atilde;o de concess&otilde;es pelo simples &quot;arb&iacute;trio&quot; do presidente da Rep&uacute;blica, t&atilde;o criticado por Ceneviva. Por um lado, h&aacute; um consenso: em nenhum debate atual tem sido defendida a aprecia&ccedil;&atilde;o das concess&otilde;es &uacute;nica e exclusivamente pelo chefe do Poder Executivo (e por seu &quot;arb&iacute;trio&quot;). Muito pelo contr&aacute;rio, debate-se como o Estado &ndash; abrangendo os tr&ecirc;s poderes &ndash; deve se portar na renova&ccedil;&atilde;o das concess&otilde;es de emissoras de radiodifus&atilde;o e como a sociedade &ndash; incluindo tanto os empres&aacute;rios, quanto as entidades que militam no setor &ndash; devem participar desse processo.<\/p>\n<p><\/span><span>Por outro lado, h&aacute; um debate ainda n&atilde;o travado: toda e qualquer concess&atilde;o p&uacute;blica, nos mais diversos setores econ&ocirc;micos, baseia-se em par&acirc;metros claros e objetivos, sendo o respeito a eles determinante para a renova&ccedil;&atilde;o. Quais devem ser esses par&acirc;metros no caso da radiodifus&atilde;o? Como deve ser avaliado o atendimento (ou n&atilde;o) dos princ&iacute;pios constitucionais relacionados &agrave; programa&ccedil;&atilde;o, como suas finalidades educativa, art&iacute;stica, cultural e informativa e a regionaliza&ccedil;&atilde;o da produ&ccedil;&atilde;o? Ou pretende-se defender a mera aprecia&ccedil;&atilde;o formal ou a possibilidade de renova&ccedil;&atilde;o autom&aacute;tica de uma concess&atilde;o p&uacute;blica &ndash; que Jo&atilde;o Goulart, h&aacute; 45 anos, tentou evitar?&nbsp;<\/span><span>&nbsp;<\/span><span>&nbsp;<\/span>&nbsp;<\/p>\n<p><img loading=\"lazy\" decoding=\"async\" src=\"images\/stories\/politica_publicacoes\/c_invertido_pq.png\" alt=\"Active Image\" width=\"15\" height=\"15\" \/>&nbsp;Observat&oacute;rio da Imprensa.<\/p>\n","protected":false},"excerpt":{"rendered":"<p>Passados 45 anos de sua promulga&ccedil;&atilde;o, o C&oacute;digo Brasileiro de Telecomunica&ccedil;&otilde;es ainda desperta pol&ecirc;mica. Nas &uacute;ltimas semanas, que marcaram o anivers&aacute;rio do CBT, a import&acirc;ncia atual do marco foi debatida, neste Observat&oacute;rio, por pelo menos dois artigos &ndash; um de Ven&iacute;cio A. de Lima (&quot;45 anos do CBT: Sem festas, nada a celebrar&quot;) e outro &hellip; <a href=\"https:\/\/obscom.intervozes.org.br\/?p=19203\" class=\"more-link\">Continue lendo <span class=\"screen-reader-text\">C\u00f3digo Brasileiro de Telecomunica\u00e7\u00f5es: a Hist\u00f3ria sem \u201cBem\u201d nem \u201cMal\u201d<\/span> <span class=\"meta-nav\">&rarr;<\/span><\/a><\/p>\n","protected":false},"author":1,"featured_media":0,"comment_status":"open","ping_status":"open","sticky":false,"template":"","format":"standard","meta":{"footnotes":""},"categories":[42],"tags":[53],"_links":{"self":[{"href":"https:\/\/obscom.intervozes.org.br\/index.php?rest_route=\/wp\/v2\/posts\/19203"}],"collection":[{"href":"https:\/\/obscom.intervozes.org.br\/index.php?rest_route=\/wp\/v2\/posts"}],"about":[{"href":"https:\/\/obscom.intervozes.org.br\/index.php?rest_route=\/wp\/v2\/types\/post"}],"author":[{"embeddable":true,"href":"https:\/\/obscom.intervozes.org.br\/index.php?rest_route=\/wp\/v2\/users\/1"}],"replies":[{"embeddable":true,"href":"https:\/\/obscom.intervozes.org.br\/index.php?rest_route=%2Fwp%2Fv2%2Fcomments&post=19203"}],"version-history":[{"count":0,"href":"https:\/\/obscom.intervozes.org.br\/index.php?rest_route=\/wp\/v2\/posts\/19203\/revisions"}],"wp:attachment":[{"href":"https:\/\/obscom.intervozes.org.br\/index.php?rest_route=%2Fwp%2Fv2%2Fmedia&parent=19203"}],"wp:term":[{"taxonomy":"category","embeddable":true,"href":"https:\/\/obscom.intervozes.org.br\/index.php?rest_route=%2Fwp%2Fv2%2Fcategories&post=19203"},{"taxonomy":"post_tag","embeddable":true,"href":"https:\/\/obscom.intervozes.org.br\/index.php?rest_route=%2Fwp%2Fv2%2Ftags&post=19203"}],"curies":[{"name":"wp","href":"https:\/\/api.w.org\/{rel}","templated":true}]}}