{"id":19194,"date":"2007-09-11T17:09:13","date_gmt":"2007-09-11T17:09:13","guid":{"rendered":"https:\/\/obscom.intervozes.org.br\/wordpress\/?p=19194"},"modified":"2007-09-11T17:09:13","modified_gmt":"2007-09-11T17:09:13","slug":"pesquisadores-manifestam-preocupacao-com-adocao-do-iboc","status":"publish","type":"post","link":"https:\/\/obscom.intervozes.org.br\/?p=19194","title":{"rendered":"Pesquisadores manifestam preocupa\u00e7\u00e3o com ado\u00e7\u00e3o do IBOC"},"content":{"rendered":"<p><span>Pesquisadores e professores universit&aacute;rios de Comunica&ccedil;&atilde;o divulgaram carta em que manifestam preocupa&ccedil;&atilde;o com os rumos dos debates sobre a ado&ccedil;&atilde;o do r&aacute;dio digital no Brasil.<\/p>\n<p><\/span><span>Segundo os pesquisadores, os testes com o padr&atilde;o digital IBOC (in-band on-channel) est&atilde;o sendo realizados pelas emissoras autorizadas sem a utiliza&ccedil;&atilde;o de uma metodologia ou padroniza&ccedil;&atilde;o de crit&eacute;rios e procedimentos compat&iacute;veis com as condi&ccedil;&otilde;es brasileiras, o que impede a obten&ccedil;&atilde;o de resultados que permitam saber com seguran&ccedil;a se, por exemplo, o padr&atilde;o em teste provoca ou n&atilde;o interfer&ecirc;ncia m&uacute;tua entre os sinais digital e anal&oacute;gico.<\/p>\n<p>Os <\/span><span>professores alertam que o processo de digitaliza&ccedil;&atilde;o poder&aacute; trazer dificuldades de adapta&ccedil;&atilde;o para a maior parte das emissoras, sobretudo as pequenas e m&eacute;dias instaladas no interior, as educativas e as comunit&aacute;rias, por falta de recursos para investimento. &ldquo;A ado&ccedil;&atilde;o de uma tecnologia n&atilde;o pode ser um fator de aprofundamento de diferen&ccedil;as de padr&otilde;es t&eacute;cnicos e de produ&ccedil;&atilde;o j&aacute; existente entre as esta&ccedil;&otilde;es de grande porte e as demais &ndash; pequenas e m&eacute;dias &ndash; que integram o sistema de radiodifus&atilde;o brasileiro&rdquo;, afirma a carta. <\/p>\n<p><\/span><span>Ainda em rela&ccedil;&atilde;o &agrave; tecnologia, o texto critica o fato da tecnologia preferida pelos grandes radiodifusores e pelo Minist&eacute;rio das Comunica&ccedil;&otilde;es ser propriet&aacute;ria. Segundo a carta, essa &ldquo;condi&ccedil;&atilde;o coloca os radiodifusores sujeitos aos ditames da empresa, a iBiquity Digital Corporation, que administra os direitos de uso da tecnologia. Podem, assim, perder o controle sob o gerenciamento do processo de instala&ccedil;&atilde;o e defini&ccedil;&atilde;o de equipamentos&rdquo;.<\/p>\n<p><\/span><span>Os pesquisadores tamb&eacute;m alertam para o pedido de amplia&ccedil;&atilde;o do uso de espectro de 200 kHz para 250 kHz apresentado em julho de 2007 pela iBiquity, propriet&aacute;ria norte-americana do padr&atilde;o IBOC, junto &agrave; Federal Communications Commission (FCC). &ldquo;Esta altera&ccedil;&atilde;o &eacute; uma demanda t&eacute;cnica, sem a qual o padr&atilde;o n&atilde;o apresentar&aacute; um desempenho satisfat&oacute;rio. Se for concedida pela FCC, a amplia&ccedil;&atilde;o de freq&uuml;&ecirc;ncia poder&aacute; significar a redu&ccedil;&atilde;o de cerca de 30% no total de canais em freq&uuml;&ecirc;ncia modulada hoje dispon&iacute;veis naquele pa&iacute;s&rdquo;.<\/p>\n<p><\/span><span>Por fim, a carta manifesta estranheza pelo fato do IBOC n&atilde;o possuir canal de retorno. &ldquo;Sem esse recurso, perde-se a interatividade, justamente um dos aspectos destacados como positivos no processo de introdu&ccedil;&atilde;o da televis&atilde;o digital no pa&iacute;s. Isto, portanto, pode significar amplia&ccedil;&atilde;o das disparidades existentes entre os dois ve&iacute;culos e perda, no caso espec&iacute;fico do r&aacute;dio, da possibilidade de intensificar a participa&ccedil;&atilde;o dos ouvintes nas estrat&eacute;gias de programa&ccedil;&atilde;o das emissoras&rdquo;, afirma o documento.<\/p>\n<p><\/span><span>Confira a &iacute;ntegra da carta:<\/p>\n<p><\/span><span>*<\/p>\n<p><\/span><span>CARTA DOS PESQUISADORES DE R&Aacute;DIO E M&Iacute;DIA SONORA DO BRASIL<\/p>\n<p><\/span><span>N&oacute;s, os 72 abaixo-assinados, pesquisadores e professores universit&aacute;rios de Comunica&ccedil;&atilde;o Social e &aacute;reas afins, todos tendo por objeto de estudo a radiodifus&atilde;o sonora, tornamos p&uacute;blica nossa preocupa&ccedil;&atilde;o a respeito do processo de implanta&ccedil;&atilde;o do r&aacute;dio digital em nosso pa&iacute;s. N&atilde;o nos movem para tanto interesses de ordem partid&aacute;ria. Apenas queremos que a oportunidade tecnol&oacute;gica posta &agrave; frente de todos sirva ao bem comum e ao desenvolvimento do Brasil. Temos clara a import&acirc;ncia do ve&iacute;culo para a popula&ccedil;&atilde;o do pa&iacute;s, do empres&aacute;rio que acompanha a evolu&ccedil;&atilde;o dos &iacute;ndices da economia ao trabalhador a quem o r&aacute;dio oferece certo grau de solidariedade. Temos, tamb&eacute;m, consci&ecirc;ncia dos problemas deste meio em suas vertentes comercial, educativa e comunit&aacute;ria, que se deparam com a encruzilhada da converg&ecirc;ncia multim&iacute;dia.<\/p>\n<p><\/span><span>Realizando estudos a respeito h&aacute; v&aacute;rios anos, acompanhamos tanto as pol&iacute;ticas e as estrat&eacute;gias p&uacute;blicas para a introdu&ccedil;&atilde;o da tecnologia digital como os movimentos da classe empresarial e das organiza&ccedil;&otilde;es da sociedade civil a respeito. Alertamos, portanto, para o que foi constatado at&eacute; agora:<\/p>\n<p><\/span><span>1. Preocupa-nos que os testes com o padr&atilde;o digital IBOC (in-band on-channel) estejam sendo realizados pelas emissoras autorizadas sem a utiliza&ccedil;&atilde;o de uma metodologia ou padroniza&ccedil;&atilde;o de crit&eacute;rios e procedimentos compat&iacute;veis com as condi&ccedil;&otilde;es brasileiras. A aus&ecirc;ncia de uma padroniza&ccedil;&atilde;o impede a obten&ccedil;&atilde;o de resultados consistentes dos experimentos que permitam saber com seguran&ccedil;a se, por exemplo, o padr&atilde;o em teste provoca ou n&atilde;o interfer&ecirc;ncia m&uacute;tua entre os sinais digital e anal&oacute;gico. <\/p>\n<p><\/span><span>2. Entendemos que o padr&atilde;o de r&aacute;dio digital a ser adotado deve ser capaz de garantir efici&ecirc;ncia de transmiss&atilde;o em qualquer situa&ccedil;&atilde;o de recep&ccedil;&atilde;o. Embora os testes realizados n&atilde;o tenham padroniza&ccedil;&atilde;o, &eacute; poss&iacute;vel identificar alguns problemas de adequa&ccedil;&atilde;o do padr&atilde;o IBOC &agrave;s caracter&iacute;sticas de cada localidade, como edifica&ccedil;&otilde;es e topografia e problemas de polui&ccedil;&atilde;o radioel&eacute;trica. Pesquisadores que acompanharam testes em emissoras observaram problemas de interrup&ccedil;&otilde;es abruptas do sinal digital em locais onde havia fios de alta tens&atilde;o (rede el&eacute;trica), pr&eacute;dios e t&uacute;neis, for&ccedil;ando o aparelho receptor a transmitir em anal&oacute;gico, com um delay que pode chegar a oito segundos.<\/p>\n<p><\/span><span>3. Preocupa-nos o fato de que processo de digitaliza&ccedil;&atilde;o poder&aacute; trazer dificuldades de adapta&ccedil;&atilde;o para a maior parte das emissoras, sobretudo as pequenas e m&eacute;dias instaladas no interior, as educativas e as comunit&aacute;rias, por falta de recursos para investimento. &Eacute; prov&aacute;vel que 50% das esta&ccedil;&otilde;es em funcionamento precisem trocar transmissores a v&aacute;lvulas por modulares para se adaptarem &agrave; tecnologia digital. Investimento igualmente significativo ser&aacute; necess&aacute;rio para digitalizar o processo de produ&ccedil;&atilde;o radiof&ocirc;nica, com a troca de equipamentos de est&uacute;dio, especialmente se for considerado o baixo n&iacute;vel de informatiza&ccedil;&atilde;o interna das r&aacute;dios no interior do pa&iacute;s. &Eacute; desej&aacute;vel que o padr&atilde;o a ser adotado permita maior grau poss&iacute;vel de aproveitamento de infra-estrutura existente e que apresente custos compat&iacute;veis com os diversos tipos de emissoras. A ado&ccedil;&atilde;o de uma tecnologia n&atilde;o pode ser um fator de aprofundamento de diferen&ccedil;as de padr&otilde;es t&eacute;cnicos e de produ&ccedil;&atilde;o j&aacute; existente entre as esta&ccedil;&otilde;es de grande porte e as demais &ndash; pequenas e m&eacute;dias &ndash; que integram o sistema de radiodifus&atilde;o brasileiro. <\/p>\n<p><\/span><span>4. Inquieta-nos saber que o padr&atilde;o em teste &eacute; uma tecnologia propriet&aacute;ria, cujos custos de royalties poder&atilde;o inviabilizar a sua ado&ccedil;&atilde;o por parte de emissoras comunit&aacute;rias e educativas. Al&eacute;m disso, essa condi&ccedil;&atilde;o coloca os radiodifusores sujeitos aos ditames da empresa, a iBiquity Digital Corporation, que administra os direitos de uso da tecnologia. Podem, assim, perder o controle sob o gerenciamento do processo de instala&ccedil;&atilde;o e defini&ccedil;&atilde;o de equipamentos.<\/p>\n<p><\/span><span>5. Entendemos que a tecnologia de transmiss&atilde;o a ser escolhida ter&aacute; de ser flex&iacute;vel, a ponto de favorecer a integra&ccedil;&atilde;o do r&aacute;dio com as demais m&iacute;dias e com sistemas de redes informatizadas. &Eacute; importante que o sistema de transmiss&atilde;o tenha ferramentas multim&iacute;dia que possibilitem a oferta de conte&uacute;do na tela de cristal l&iacute;quido do receptor digital ou em outras plataformas de m&iacute;dia convergente. No entanto, essa vantagem tecnol&oacute;gica, que poder&aacute; representar receita adicional, n&atilde;o foi testada pelas emissoras autorizadas pela Ag&ecirc;ncia Nacional de Telecomunica&ccedil;&otilde;es. <\/p>\n<p><\/span><span>6. Consideramos que a ado&ccedil;&atilde;o de qualquer padr&atilde;o digital deve ser precedida por uma ampla an&aacute;lise t&eacute;cnica sobre as condi&ccedil;&otilde;es de funcionamento da tecnologia em outros pa&iacute;ses. Chama aten&ccedil;&atilde;o o pedido de amplia&ccedil;&atilde;o do uso de espectro de 200 kHz para 250 kHz apresentado em julho de 2007 pela iBiquity, propriet&aacute;ria norte-americana do padr&atilde;o IBOC, junto &agrave; Federal Communications Commission (FCC). Esta altera&ccedil;&atilde;o &eacute; uma demanda t&eacute;cnica, sem a qual o padr&atilde;o n&atilde;o apresentar&aacute; um desempenho satisfat&oacute;rio. Se for concedida pela FCC, a amplia&ccedil;&atilde;o de freq&uuml;&ecirc;ncia poder&aacute; significar a redu&ccedil;&atilde;o de cerca de 30% no total de canais em freq&uuml;&ecirc;ncia modulada hoje dispon&iacute;veis naquele pa&iacute;s. Partilhamos da opini&atilde;o da Benton Foundation, organiza&ccedil;&atilde;o internacional dedicada &agrave; articula&ccedil;&atilde;o de pol&iacute;ticas para o uso da comunica&ccedil;&atilde;o na solu&ccedil;&atilde;o de problemas sociais e em prol do desenvolvimento, que v&ecirc; no aumento da largura do canal ocupado por uma esta&ccedil;&atilde;o uma possibilidade de redu&ccedil;&atilde;o de disponibilidade de espectro para eventuais novos atores.<\/p>\n<p><\/span><span>7. Causa-nos estranheza a inexist&ecirc;ncia de canais de retorno no sistema digital em teste. Sem esse recurso, perde-se a interatividade, justamente um dos aspectos destacados como positivos no processo de introdu&ccedil;&atilde;o da televis&atilde;o digital no pa&iacute;s. Isto, portanto, pode significar amplia&ccedil;&atilde;o das disparidades existentes entre os dois ve&iacute;culos e perda, no caso espec&iacute;fico do r&aacute;dio, da possibilidade de intensificar a participa&ccedil;&atilde;o dos ouvintes nas estrat&eacute;gias de programa&ccedil;&atilde;o das emissoras.&nbsp; <\/p>\n<p><\/span><span>De modo geral, alertamos para a perda de uma oportunidade, se embasada em estudos mais acurados, de transforma&ccedil;&atilde;o positiva do r&aacute;dio, ampliando n&atilde;o s&oacute; suas possibilidades comerciais, educativas e comunit&aacute;rias, mas tamb&eacute;m produzindo condi&ccedil;&otilde;es para um efetivo exerc&iacute;cio da cidadania e contribuindo para o desenvolvimento do Brasil, de forma democr&aacute;tica, ampla e solid&aacute;ria. Lembramos, ainda, que a oportunidade atual deve servir ao crescimento do setor como um todo, crescimento este que vai al&eacute;m do mero faturamento comercial, mas significa novos postos de trabalho e maior intera&ccedil;&atilde;o social.<\/p>\n<p><\/span><span>Ficamos &agrave; disposi&ccedil;&atilde;o para esclarecimentos atrav&eacute;s do e-mail <a href=\"mailto:pesquisa.radio@yahoo.com.br\">pesquisa.radio@yahoo.com.br<\/a>.<\/span><span>&nbsp;<\/span><\/p>\n<p><span>1. &Aacute;lvaro Bufarah J&uacute;nior<br \/><\/span><span>2. &Acirc;ngelo Pedro Piovesan Neto<br \/><\/span><span>3. Ana Baumworcel<br \/><\/span><span>4. Ana Luisa Zaniboni Gomes<br \/><\/span><span>5. Andr&eacute;a Pinheiro<\/span><span>6. Antonio Adami<br \/><\/span><span>7. Ant&ocirc;nio Francisco Magnoni<br \/><\/span><span>8. Ay&ecirc;ska Paulafreitas de Lacerda<br \/><\/span><span>9. Bibiana de Paula Friderichs<br \/><\/span><span>10. Carlos Eduardo Esch<br \/><\/span><span>11. Carmen L&uacute;cia Jos&eacute;<br \/><\/span><span>12. C&eacute;sar Augusto Azevedo dos Santos<br \/><\/span><span>13. Cida Golin<br \/><\/span><span>14. Claudia Irene de Quadros <br \/><\/span><span>15. Cl&oacute;vis Reis<br \/><\/span><span>16. Daniel Gambaro<br \/><\/span><span>17. Daniela Carvalho<br \/><\/span><span>18. Daniela Ota<br \/><\/span><span>19. Doris Fagundes Haussen<br \/><\/span><span>20. Eduardo Meditsch<br \/><\/span><span>21. Eduardo Vicente<br \/><\/span><span>22. Fl&aacute;via L&uacute;cia Bazan Bespalhok<br \/><\/span><span>23. Fl&aacute;vio Falciano<br \/><\/span><span>24. Francisco de Moura Pinheiro<br \/><\/span><span>25. Gilda Soares Miranda<br \/><\/span><span>26. Gisele Sayeg Nunes Ferreira<br \/><\/span><span>27. Graziela Soares Bianchi<br \/><\/span><span>28. Helo&iacute;sa de Ara&uacute;jo Duarte Valente<br \/><\/span><span>29. Hernando Guti&eacute;rrez<br \/><\/span><span>30. Irineu Guerrini J&uacute;nior<br \/><\/span><span>31. Jandira Aparecida Alves de Rezende<br \/><\/span><span>32. Jo&atilde;o Batista de Abreu Junior<br \/><\/span><span>33. Jo&atilde;o Batista Neto Chamadoira<br \/><\/span><span>34. Jos&eacute; Eduardo Ribeiro de Paiva<br \/><\/span><span>35. Jos&eacute; Eug&ecirc;nio de Menezes<br \/><\/span><span>36. J&uacute;lia L&uacute;cia de Oliveira da Silva<br \/><\/span><span>37. Lenize Villa&ccedil;a<\/span><span>38. Lia Calabre<br \/><\/span><span>39. L&iacute;lian Zaremba <br \/><\/span><span>40. Luciana Miranda Costa<br \/><\/span><span>41. Luciano Kl&ouml;ckner<br \/><\/span><span>42. Luiz Antonio Veloso Siqueira<br \/><\/span><span>43. Luiz Artur Ferraretto<br \/><\/span><span>44. Macello Medeiros<br \/><\/span><span>45. Magaly Prado<br \/><\/span><span>46. Marcelo Cardoso<br \/><\/span><span>47. Maria Clara Lanari B&oacute;<br \/><\/span><span>48. M&aacute;rcia Detoni<br \/><\/span><span>49. Marcos J&uacute;lio Sergl <br \/><\/span><span>50. M&aacute;rio Ram&atilde;o Villalva Filho<br \/><\/span><span>51. Marta Regina Maia<br \/><\/span><span>52. Mauro Jos&eacute; S&aacute; Rego Costa<br \/><\/span><span>53. Mirna Spritzer<br \/><\/span><span>54. Moacir Barbosa de Sousa<br \/><\/span><span>55. M&ocirc;nica Panis Kaseker<br \/><\/span><span>56. Mozahir Salom&atilde;o Bruck<br \/><\/span><span>57. Nair Prata<br \/><\/span><span>58. N&eacute;lia Del Bianco<br \/><\/span><span>59. Patr&iacute;cia Rangel<br \/><\/span><span>60. Pedro Vaz Filho<br \/><\/span><span>61. Ricardo Leandro de Medeiros<br \/><\/span><span>62. Rosana Beneton<br \/><\/span><span>63. R&uacute;bia Vasques<br \/><\/span><span>64. Sandra Sueli Garcia de Sousa<br \/><\/span><span>65. S&ocirc;nia Caldas Pessoa<br \/><\/span><span>66. Thais Renata Poletto<br \/><\/span><span>67. Sonia Virg&iacute;nia Moreira<br \/><\/span><span>68. Waldiane de &Aacute;vila Fialho<br \/><\/span><span>69. Wanderlei de Britto<br \/><\/span><span>70. Wanir Campelo Siqueira<br \/><\/span><span>71. Valci Regina Mousquer Zuculoto<br \/><\/span><span>72. Vera L&uacute;cia Guimar&atilde;es Rezende<\/span><span>&nbsp;<\/span><\/p>\n","protected":false},"excerpt":{"rendered":"<p>Pesquisadores e professores universit&aacute;rios de Comunica&ccedil;&atilde;o divulgaram carta em que manifestam preocupa&ccedil;&atilde;o com os rumos dos debates sobre a ado&ccedil;&atilde;o do r&aacute;dio digital no Brasil. Segundo os pesquisadores, os testes com o padr&atilde;o digital IBOC (in-band on-channel) est&atilde;o sendo realizados pelas emissoras autorizadas sem a utiliza&ccedil;&atilde;o de uma metodologia ou padroniza&ccedil;&atilde;o de crit&eacute;rios e procedimentos &hellip; <a href=\"https:\/\/obscom.intervozes.org.br\/?p=19194\" class=\"more-link\">Continue lendo <span class=\"screen-reader-text\">Pesquisadores manifestam preocupa\u00e7\u00e3o com ado\u00e7\u00e3o do IBOC<\/span> <span class=\"meta-nav\">&rarr;<\/span><\/a><\/p>\n","protected":false},"author":1,"featured_media":0,"comment_status":"open","ping_status":"open","sticky":false,"template":"","format":"standard","meta":{"footnotes":""},"categories":[40],"tags":[236],"_links":{"self":[{"href":"https:\/\/obscom.intervozes.org.br\/index.php?rest_route=\/wp\/v2\/posts\/19194"}],"collection":[{"href":"https:\/\/obscom.intervozes.org.br\/index.php?rest_route=\/wp\/v2\/posts"}],"about":[{"href":"https:\/\/obscom.intervozes.org.br\/index.php?rest_route=\/wp\/v2\/types\/post"}],"author":[{"embeddable":true,"href":"https:\/\/obscom.intervozes.org.br\/index.php?rest_route=\/wp\/v2\/users\/1"}],"replies":[{"embeddable":true,"href":"https:\/\/obscom.intervozes.org.br\/index.php?rest_route=%2Fwp%2Fv2%2Fcomments&post=19194"}],"version-history":[{"count":0,"href":"https:\/\/obscom.intervozes.org.br\/index.php?rest_route=\/wp\/v2\/posts\/19194\/revisions"}],"wp:attachment":[{"href":"https:\/\/obscom.intervozes.org.br\/index.php?rest_route=%2Fwp%2Fv2%2Fmedia&parent=19194"}],"wp:term":[{"taxonomy":"category","embeddable":true,"href":"https:\/\/obscom.intervozes.org.br\/index.php?rest_route=%2Fwp%2Fv2%2Fcategories&post=19194"},{"taxonomy":"post_tag","embeddable":true,"href":"https:\/\/obscom.intervozes.org.br\/index.php?rest_route=%2Fwp%2Fv2%2Ftags&post=19194"}],"curies":[{"name":"wp","href":"https:\/\/api.w.org\/{rel}","templated":true}]}}