{"id":19191,"date":"2007-09-11T15:37:44","date_gmt":"2007-09-11T15:37:44","guid":{"rendered":"https:\/\/obscom.intervozes.org.br\/wordpress\/?p=19191"},"modified":"2007-09-11T15:37:44","modified_gmt":"2007-09-11T15:37:44","slug":"producao-de-conteudo-eletronico-volta-a-ser-discutida-na-camara","status":"publish","type":"post","link":"https:\/\/obscom.intervozes.org.br\/?p=19191","title":{"rendered":"Produ\u00e7\u00e3o de conte\u00fado eletr\u00f4nico volta a ser discutida na C\u00e2mara"},"content":{"rendered":"<p>As comiss&otilde;es de Ci&ecirc;ncia e Tecnologia, Comunica&ccedil;&atilde;o e Inform&aacute;tica; e de Desenvolvimento Econ&ocirc;mico, Ind&uacute;stria e Com&eacute;rcio da C&acirc;mara dos Deputados realizam audi&ecirc;ncia p&uacute;blica na quinta-feira (13\/9) para debater projeto de lei do deputado Paulo Bornhausen (DEM-SC) que d&aacute; &agrave;s operadoras de telefonia fixae m&oacute;vel o direito de produzir e distribuir conte&uacute;do eletr&ocirc;nico, desde que sejam constitu&iacute;das e sediadas no Brasil ou que a maioria de seu capital esteja em poder de pessoas residentes no pa&iacute;s. <\/p>\n<p>Foram convidados para participar do debate o coordenador do Intervozes (Coletivo Brasil de Comunica&ccedil;&atilde;o Social), Br&aacute;ulio Costa Ribeiro; o presidente da Associa&ccedil;&atilde;o Brasileira de Canais Comunit&aacute;rios (Abccom), Fernando Mauro Di Marzo Trezza; o coordenador-geral do F&oacute;rum Nacional pela Democratiza&ccedil;&atilde;o da Comunica&ccedil;&atilde;o (FNDC), Celso Augusto Schr&ouml;der; o diretor-executivo da Associa&ccedil;&atilde;o Brasileira dos Programadores de TV por Assinatura (ABPTA), Carlos Eduardo de Alkimim; e o presidente doConselho Federal da Associa&ccedil;&atilde;o Brasileira de Produtoras Independentes de Televis&atilde;o (ABPITV), Fernando de Souza Dias. <\/p>\n","protected":false},"excerpt":{"rendered":"<p>As comiss&otilde;es de Ci&ecirc;ncia e Tecnologia, Comunica&ccedil;&atilde;o e Inform&aacute;tica; e de Desenvolvimento Econ&ocirc;mico, Ind&uacute;stria e Com&eacute;rcio da C&acirc;mara dos Deputados realizam audi&ecirc;ncia p&uacute;blica na quinta-feira (13\/9) para debater projeto de lei do deputado Paulo Bornhausen (DEM-SC) que d&aacute; &agrave;s operadoras de telefonia fixae m&oacute;vel o direito de produzir e distribuir conte&uacute;do eletr&ocirc;nico, desde que sejam &hellip; <a href=\"https:\/\/obscom.intervozes.org.br\/?p=19191\" class=\"more-link\">Continue lendo <span class=\"screen-reader-text\">Produ\u00e7\u00e3o de conte\u00fado eletr\u00f4nico volta a ser discutida na C\u00e2mara<\/span> <span class=\"meta-nav\">&rarr;<\/span><\/a><\/p>\n","protected":false},"author":1,"featured_media":0,"comment_status":"open","ping_status":"open","sticky":false,"template":"","format":"standard","meta":{"footnotes":""},"categories":[39],"tags":[],"_links":{"self":[{"href":"https:\/\/obscom.intervozes.org.br\/index.php?rest_route=\/wp\/v2\/posts\/19191"}],"collection":[{"href":"https:\/\/obscom.intervozes.org.br\/index.php?rest_route=\/wp\/v2\/posts"}],"about":[{"href":"https:\/\/obscom.intervozes.org.br\/index.php?rest_route=\/wp\/v2\/types\/post"}],"author":[{"embeddable":true,"href":"https:\/\/obscom.intervozes.org.br\/index.php?rest_route=\/wp\/v2\/users\/1"}],"replies":[{"embeddable":true,"href":"https:\/\/obscom.intervozes.org.br\/index.php?rest_route=%2Fwp%2Fv2%2Fcomments&post=19191"}],"version-history":[{"count":0,"href":"https:\/\/obscom.intervozes.org.br\/index.php?rest_route=\/wp\/v2\/posts\/19191\/revisions"}],"wp:attachment":[{"href":"https:\/\/obscom.intervozes.org.br\/index.php?rest_route=%2Fwp%2Fv2%2Fmedia&parent=19191"}],"wp:term":[{"taxonomy":"category","embeddable":true,"href":"https:\/\/obscom.intervozes.org.br\/index.php?rest_route=%2Fwp%2Fv2%2Fcategories&post=19191"},{"taxonomy":"post_tag","embeddable":true,"href":"https:\/\/obscom.intervozes.org.br\/index.php?rest_route=%2Fwp%2Fv2%2Ftags&post=19191"}],"curies":[{"name":"wp","href":"https:\/\/api.w.org\/{rel}","templated":true}]}}