{"id":19190,"date":"2007-09-11T15:29:58","date_gmt":"2007-09-11T15:29:58","guid":{"rendered":"https:\/\/obscom.intervozes.org.br\/wordpress\/?p=19190"},"modified":"2007-09-11T15:29:58","modified_gmt":"2007-09-11T15:29:58","slug":"classificacao-indicativa-para-internet-volta-a-pauta-do-congresso","status":"publish","type":"post","link":"https:\/\/obscom.intervozes.org.br\/?p=19190","title":{"rendered":"Classifica\u00e7\u00e3o indicativa para internet volta \u00e0 pauta do Congresso"},"content":{"rendered":"<p>Adiada por seis vezes, desde o dia 21 de junho, a vota&ccedil;&atilde;o do projeto de Lei 2231\/1999, que obriga os respons&aacute;veis por sites informa&ccedil;&otilde;es na Internet a fornecer classifica&ccedil;&atilde;o indicativa de seus conte&uacute;dos, pode acontecer na pr&oacute;xima quarta-feira, 12 de setembro, na Comiss&atilde;o de Ci&ecirc;ncia e Tecnologia, Comunica&ccedil;&atilde;o e Inform&aacute;tica da C&acirc;mara dos Deputados. <\/p>\n<p>O voto do relator, deputado Zequinha Marinho (PMDB-PA), &eacute; pela aprova&ccedil;&atilde;o do Projeto de Lei n&Acirc;&ordm; 2.842, de 2003, de autoria do deputado Hidekazu Takayama (PSC-PR), que altera o Estatuto da Crian&ccedil;a e Adolescente com o objetivo de impor o registro e um c&oacute;digo descritivo a indica&ccedil;&atilde;o, e pela rejei&ccedil;&atilde;o dos Projetos de Lei 2.231, de 1999,&nbsp;4.426, de 2001 e 1.264, de 2003. O pen&uacute;ltimo, de autoria do ent&atilde;o deputado Jos&eacute; Dirceu, obriga fornecedores de sistema operacionais e de programas de navega&ccedil;&atilde;o e os provedores de informa&ccedil;&otilde;es a colocarem &agrave; disposi&ccedil;&atilde;o do p&uacute;blico programas e rotinas de f&aacute;cil utiliza&ccedil;&atilde;o que permitam esse controle de acesso. <\/p>\n<p>Apesar de as propostas serem muito semelhantes, o relator considera que as proposi&ccedil;&otilde;es apresentadas do Deputado Takayama possuem melhor t&eacute;cnica legislativa (por alterar a legisla&ccedil;&atilde;o vigente, o Estatuto da Crian&ccedil;a e do Adolescente, conforme estabelece a Lei Complementar 95, de 1998), e s&atilde;o mais completas, por estabelecer outro tipo de controlede acesso ao conte&uacute;do inadequado a menores de dezoito anos, de responsabilidade do provedor de informa&ccedil;&atilde;o: a identifica&ccedil;&atilde;o pr&eacute;via do usu&aacute;rio e a comprova&ccedil;&atilde;o de sua idade antes do acesso ao conte&uacute;do impr&oacute;prio. <\/p>\n<p>O texto do projeto estabelece que as p&aacute;ginas j&aacute; existentes ter&atilde;o 180 dias deprazo para se adequarem ao novo dispositivo, a partir da data de publica&ccedil;&atilde;o da lei no Di&aacute;rio Oficial. Mas ainda h&aacute; um longo caminho at&eacute; l&aacute;. <\/p>\n<p><img loading=\"lazy\" decoding=\"async\" src=\"images\/stories\/politica_publicacoes\/c_normal_pq.png\" alt=\"Active Image\" width=\"15\" height=\"15\" \/><\/p>\n","protected":false},"excerpt":{"rendered":"<p>Adiada por seis vezes, desde o dia 21 de junho, a vota&ccedil;&atilde;o do projeto de Lei 2231\/1999, que obriga os respons&aacute;veis por sites informa&ccedil;&otilde;es na Internet a fornecer classifica&ccedil;&atilde;o indicativa de seus conte&uacute;dos, pode acontecer na pr&oacute;xima quarta-feira, 12 de setembro, na Comiss&atilde;o de Ci&ecirc;ncia e Tecnologia, Comunica&ccedil;&atilde;o e Inform&aacute;tica da C&acirc;mara dos Deputados. O &hellip; <a href=\"https:\/\/obscom.intervozes.org.br\/?p=19190\" class=\"more-link\">Continue lendo <span class=\"screen-reader-text\">Classifica\u00e7\u00e3o indicativa para internet volta \u00e0 pauta do Congresso<\/span> <span class=\"meta-nav\">&rarr;<\/span><\/a><\/p>\n","protected":false},"author":1,"featured_media":0,"comment_status":"open","ping_status":"open","sticky":false,"template":"","format":"standard","meta":{"footnotes":""},"categories":[40],"tags":[393],"_links":{"self":[{"href":"https:\/\/obscom.intervozes.org.br\/index.php?rest_route=\/wp\/v2\/posts\/19190"}],"collection":[{"href":"https:\/\/obscom.intervozes.org.br\/index.php?rest_route=\/wp\/v2\/posts"}],"about":[{"href":"https:\/\/obscom.intervozes.org.br\/index.php?rest_route=\/wp\/v2\/types\/post"}],"author":[{"embeddable":true,"href":"https:\/\/obscom.intervozes.org.br\/index.php?rest_route=\/wp\/v2\/users\/1"}],"replies":[{"embeddable":true,"href":"https:\/\/obscom.intervozes.org.br\/index.php?rest_route=%2Fwp%2Fv2%2Fcomments&post=19190"}],"version-history":[{"count":0,"href":"https:\/\/obscom.intervozes.org.br\/index.php?rest_route=\/wp\/v2\/posts\/19190\/revisions"}],"wp:attachment":[{"href":"https:\/\/obscom.intervozes.org.br\/index.php?rest_route=%2Fwp%2Fv2%2Fmedia&parent=19190"}],"wp:term":[{"taxonomy":"category","embeddable":true,"href":"https:\/\/obscom.intervozes.org.br\/index.php?rest_route=%2Fwp%2Fv2%2Fcategories&post=19190"},{"taxonomy":"post_tag","embeddable":true,"href":"https:\/\/obscom.intervozes.org.br\/index.php?rest_route=%2Fwp%2Fv2%2Ftags&post=19190"}],"curies":[{"name":"wp","href":"https:\/\/api.w.org\/{rel}","templated":true}]}}