{"id":19176,"date":"2007-09-10T15:55:52","date_gmt":"2007-09-10T15:55:52","guid":{"rendered":"https:\/\/obscom.intervozes.org.br\/wordpress\/?p=19176"},"modified":"2007-09-10T15:55:52","modified_gmt":"2007-09-10T15:55:52","slug":"apos-10-anos-stf-rejeita-adi-contra-privatizacao-das-telecomunicacoes","status":"publish","type":"post","link":"https:\/\/obscom.intervozes.org.br\/?p=19176","title":{"rendered":"Ap\u00f3s 10 anos, STF rejeita ADI contra privatiza\u00e7\u00e3o das telecomunica\u00e7\u00f5es"},"content":{"rendered":"<p>Est&aacute; arquivada a A&ccedil;&atilde;o Direta de Inconstitucionalidade ajuizada pelo PDT contra o artigo 191, da Lei 9.472\/97, que autorizou a privatiza&ccedil;&atilde;o do servi&ccedil;o de telecomunica&ccedil;&otilde;es. A decis&atilde;o foi tomada, na quinta-feira (6\/9), pelo Plen&aacute;rio do Supremo Tribunal Federal. <\/p>\n<p>O partido alegou que o dispositivo impugnado violava o caput do artigo 175 e do inciso XXI do artigo 37, todos da Constitui&ccedil;&atilde;o Federal, porque n&atilde;o teria sido observado o princ&iacute;pio da moralidade administrativa. &ldquo;A n&atilde;o realiza&ccedil;&atilde;o de licita&ccedil;&atilde;o para a concess&atilde;o dos servi&ccedil;os de telefonia fixa e de telefonia celular, anteriormente prestados pelas empresas estatais que compunham o Sistema Telebr&aacute;s, implica uma ren&uacute;ncia desarrazoada e inconstitucional de receitas&rdquo;, argumentou o PDT. <\/p>\n<p>O ministro Eros Grau, relator, lembrou que a Procuradoria-Geral da Rep&uacute;blica e a Advocacia-Geral da Uni&atilde;o se manifestaram pela improced&ecirc;ncia da ADI. O argumento foi o de que a desestatiza&ccedil;&atilde;o dos servi&ccedil;os de telecomunica&ccedil;&otilde;es ocorreu por todo um conjunto de normas contidas na Lei 9.472\/97 e n&atilde;o apenas no artigo 191. <\/p>\n<p>Os demais ministros acompanharam o voto do relator, segundo o qual a desestatiza&ccedil;&atilde;o ocorreu por leil&atilde;o, uma modalidade de licita&ccedil;&atilde;o prevista na Lei 8.666\/93 (regulamentou o artigo 37, inciso XXI, da Constitui&ccedil;&atilde;o Federal). Portanto, segundo entendimento do Plen&aacute;rio, n&atilde;o houve a alegada viola&ccedil;&atilde;o dos artigos 175 e 37, inciso XXI. <\/p>\n<p>Durante o julgamento, osministros consideraram que, se o PDT pretendia questionar a rela&ccedil;&atilde;o contratual das empresas prestadoras dos servi&ccedil;os de telecomunica&ccedil;&otilde;es com a Uni&atilde;o, esse questionamento deve ser por outra via judicial que n&atilde;o a ADI. <\/p>\n<p>A ADI foi proposta pelo PDT em 1998. Ela foi inicialmente distribu&iacute;da ao ministro Nelson Jobim (aposentado). Em 2004, o processo foi redistribu&iacute;do para o ministro Eros Grau. <\/p>\n<p><img loading=\"lazy\" decoding=\"async\" src=\"images\/stories\/politica_publicacoes\/c_normal_pq.png\" alt=\"Active Image\" width=\"15\" height=\"15\" \/>&nbsp;Consultor Jur&iacute;dico<\/p>\n","protected":false},"excerpt":{"rendered":"<p>Est&aacute; arquivada a A&ccedil;&atilde;o Direta de Inconstitucionalidade ajuizada pelo PDT contra o artigo 191, da Lei 9.472\/97, que autorizou a privatiza&ccedil;&atilde;o do servi&ccedil;o de telecomunica&ccedil;&otilde;es. A decis&atilde;o foi tomada, na quinta-feira (6\/9), pelo Plen&aacute;rio do Supremo Tribunal Federal. O partido alegou que o dispositivo impugnado violava o caput do artigo 175 e do inciso XXI &hellip; <a href=\"https:\/\/obscom.intervozes.org.br\/?p=19176\" class=\"more-link\">Continue lendo <span class=\"screen-reader-text\">Ap\u00f3s 10 anos, STF rejeita ADI contra privatiza\u00e7\u00e3o das telecomunica\u00e7\u00f5es<\/span> <span class=\"meta-nav\">&rarr;<\/span><\/a><\/p>\n","protected":false},"author":1,"featured_media":0,"comment_status":"open","ping_status":"open","sticky":false,"template":"","format":"standard","meta":{"footnotes":""},"categories":[40],"tags":[66],"_links":{"self":[{"href":"https:\/\/obscom.intervozes.org.br\/index.php?rest_route=\/wp\/v2\/posts\/19176"}],"collection":[{"href":"https:\/\/obscom.intervozes.org.br\/index.php?rest_route=\/wp\/v2\/posts"}],"about":[{"href":"https:\/\/obscom.intervozes.org.br\/index.php?rest_route=\/wp\/v2\/types\/post"}],"author":[{"embeddable":true,"href":"https:\/\/obscom.intervozes.org.br\/index.php?rest_route=\/wp\/v2\/users\/1"}],"replies":[{"embeddable":true,"href":"https:\/\/obscom.intervozes.org.br\/index.php?rest_route=%2Fwp%2Fv2%2Fcomments&post=19176"}],"version-history":[{"count":0,"href":"https:\/\/obscom.intervozes.org.br\/index.php?rest_route=\/wp\/v2\/posts\/19176\/revisions"}],"wp:attachment":[{"href":"https:\/\/obscom.intervozes.org.br\/index.php?rest_route=%2Fwp%2Fv2%2Fmedia&parent=19176"}],"wp:term":[{"taxonomy":"category","embeddable":true,"href":"https:\/\/obscom.intervozes.org.br\/index.php?rest_route=%2Fwp%2Fv2%2Fcategories&post=19176"},{"taxonomy":"post_tag","embeddable":true,"href":"https:\/\/obscom.intervozes.org.br\/index.php?rest_route=%2Fwp%2Fv2%2Ftags&post=19176"}],"curies":[{"name":"wp","href":"https:\/\/api.w.org\/{rel}","templated":true}]}}