{"id":19172,"date":"2007-09-10T12:56:36","date_gmt":"2007-09-10T12:56:36","guid":{"rendered":"https:\/\/obscom.intervozes.org.br\/wordpress\/?p=19172"},"modified":"2007-09-10T12:56:36","modified_gmt":"2007-09-10T12:56:36","slug":"belluzzo-nova-tv-publica-precisa-de-modestia-e-ambicao","status":"publish","type":"post","link":"https:\/\/obscom.intervozes.org.br\/?p=19172","title":{"rendered":"Belluzzo: nova TV p\u00fablica precisa de mod\u00e9stia e ambi\u00e7\u00e3o"},"content":{"rendered":"<p><span>Em entrevista&nbsp;ao jornal&nbsp;Folha de S&atilde;o Paulo, Luiz Gonzaga Belluzzo afirma ter estranhado que o convite para presidir o conselho curador da nova TV p&uacute;blica tenha sido feito a um economista. &ldquo;Acho que foi por conta dessa minha percep&ccedil;&atilde;o de que &eacute; preciso que se d&ecirc; curso ao debate mesmo que as id&eacute;ias contr&aacute;rias n&atilde;o sejam do seu agrado&rdquo;. Hoje filiado ao PPS, Belluzzo &eacute; amigo do presidente Luiz In&aacute;cio Lula da Silva e do governador Jos&eacute; Serra.<\/p>\n<p><\/span><span>Segundo Belluzzo, a TV p&uacute;blica precisa de &ldquo;muita mod&eacute;stia na formula&ccedil;&atilde;o&rdquo; e &ldquo;ambi&ccedil;&atilde;o para n&atilde;o permitir que seja transformado num instrumento de poder como invariavelmente tendem a se transformar as televis&otilde;es&rdquo;. Ex-secret&aacute;rio dos governos Sarney e Qu&eacute;rcia (SP), o economista afirma ainda que o PT demoniza a imprensa. &rdquo;Esse tipo de rea&ccedil;&atilde;o, eu n&atilde;o gosto. Tenho medo. Assim como tenho medo de certas unanimidades que vemos na m&iacute;dia&quot;, critica.<\/p>\n<p><\/span><span><u>Confira a &iacute;ntegra da entrevista:<\/p>\n<p><\/u><\/span><span><br \/><strong>FOLHA <\/strong>&#8211; Por que n&atilde;o aceitou ser presidente executivo da TV p&uacute;blica? <br \/><\/span><span><strong>LUIZ GONZAGA BELLUZZO<\/strong> &#8211; N&atilde;o quero mais aceitar um cargo p&uacute;blico que receba uma remunera&ccedil;&atilde;o do governo. Disse a eles que aceitava ser presidente do conselho, se eleito, que me comprometia com o projeto, desde que n&atilde;o remunerado.<\/p>\n<p><\/span><span><strong>FOLHA <\/strong>&#8211; Por qu&ecirc;? <br \/><\/span><span><strong>BELLUZZO <\/strong>&#8211; Cabe aos profissionais do setor. O papel do conselho &eacute; tra&ccedil;ar as diretrizes e fiscalizar a execu&ccedil;&atilde;o do projeto de se criar uma TV n&atilde;o estatal, apartid&aacute;ria, plural e, desculpe ser um pouco pedante, mas que sobretudo permita que pouco a pouco o cidad&atilde;o seja capaz de compreender o mundo onde vive. Precisamos de muita mod&eacute;stia na formula&ccedil;&atilde;o. E, paradoxalmente, ambi&ccedil;&atilde;o para n&atilde;o permitir que seja transformado num instrumento de poder como invariavelmente tendem a se transformar as televis&otilde;es, ou as televis&otilde;es estatais que n&atilde;o respeitam esses princ&iacute;pios.<\/p>\n<p><\/span><span><strong>FOLHA<\/strong> &#8211; Como evitar? <br \/><\/span><span><strong>BELLUZZO<\/strong> &#8211; Primeiro, o conselho tem que ser muito amplo, plural. Nenhum ponto de vista pode ser exclu&iacute;do. Uma TV p&uacute;blica tem que dar abrigo a todos os pontos de vista.<\/p>\n<p><\/span><span><strong>FOLHA<\/strong> &#8211; A que atribui o convite? <br \/><\/span><span><strong>BELLUZZO<\/strong> &#8211; Estranho que tenha sido a um economista. Acho que foi por conta dessa minha percep&ccedil;&atilde;o de que &eacute; preciso que se d&ecirc; curso ao debate mesmo que as id&eacute;ias contr&aacute;rias n&atilde;o sejam do seu agrado. Pode parecer simpl&oacute;rio. Mas n&atilde;o &eacute; f&aacute;cil.<\/p>\n<p><\/span><span><strong>FOLHA<\/strong> &#8211; Como o sr. enxerga a decis&atilde;o do PT de &quot;acompanhar&quot; as renova&ccedil;&otilde;es de concess&otilde;es de TVs? <br \/><\/span><span><strong>BELLUZZO<\/strong> &#8211; Isso &eacute; um problema do PT. O PT tem todo direito de pensar como ele pensa. S&oacute; que a TV p&uacute;blica n&atilde;o pode se submeter a esse tipo de coisa. N&atilde;o se pode politizar uma TV p&uacute;blica.<\/p>\n<p><\/span><span><strong>FOLHA<\/strong> &#8211; O sr. considera isso um &quot;problema&quot; do PT? <br \/><\/span><span><strong>BELLUZZO <\/strong>&#8211; N&atilde;o. H&aacute; muitos grupos dos EUA que se preocupam com isso. No livro &quot;The Assault of Reason&quot; (O ataque &agrave; raz&atilde;o), o Al Gore, que n&atilde;o &eacute; um perigoso esquerdista, faz uma an&aacute;lise de como o poder da m&iacute;dia causou problemas s&eacute;rios na decis&atilde;o do povo americano de apoiar ou n&atilde;o a guerra no Iraque. A m&iacute;dia insistiu na quest&atilde;o das armas de destrui&ccedil;&atilde;o em massa. Se h&aacute; movimentos un&acirc;nimes, n&atilde;o &eacute; bom para a democracia.<\/p>\n<p><\/span><span><strong>FOLHA<\/strong> &#8211; No Brasil, h&aacute; esse risco? <br \/><\/span><span><strong>BELLUZZO<\/strong> &#8211; &Agrave;s vezes, h&aacute; certas ondas de unanimidade que n&atilde;o s&atilde;o boas. Por exemplo, no julgamento do Supremo. Como sou amigo de muitos ju&iacute;zes, eles disseram que era dif&iacute;cil suportar aquilo. Quando perguntaram a Hannah Arendt por que estava interessada em compreender o nazismo, ela disse: &quot;Se eu n&atilde;o compreender o nazismo vou enlouquecer&quot;. &Eacute; preciso que se insista nisso. Vejo a TV p&uacute;blica como a ant&iacute;tese da id&eacute;ia de doutrina&ccedil;&atilde;o. A id&eacute;ia de doutrina&ccedil;&atilde;o &eacute; abomin&aacute;vel.<\/p>\n<p><\/span><span><strong>FOLHA<\/strong> &#8211; O sr. acha a postura do PT e da &quot;grande m&iacute;dia&quot; doutrin&aacute;ria? <br \/><\/span><span><strong>BELLUZZO<\/strong> &#8211; Muitas vezes &eacute; doutrin&aacute;ria no mau sentido da palavra, porque n&atilde;o permite que vire as v&iacute;sceras. Muitas vezes &eacute; uma coisa propagandista de ambos os lados. &Eacute; propaganda. N&atilde;o &eacute; informa&ccedil;&atilde;o, nem debate.<\/p>\n<p><\/span><span><strong>FOLHA<\/strong> &#8211; O PT diz que o julgamento no STF era desnecess&aacute;rio, pois o governo foi aprovado nas urnas. <br \/><\/span><span><strong>BELLUZZO<\/strong> &#8211; Aprendi com Ulysses Guimar&atilde;es que &eacute; preciso deixar as institui&ccedil;&otilde;es funcionarem. A id&eacute;ia de que os acusados de mensal&atilde;o n&atilde;o poderiam ser julgados &eacute;, para mim, completamente estranha. Era preciso que fossem julgados por um tribunal independente. O relat&oacute;rio foi feito com a maior seriedade, a despeito do clima muito emocionalizado [no STF].<\/p>\n<p><\/span><span><strong>FOLHA<\/strong> &#8211; E a imprensa? <br \/><\/span><span><strong>BELLUZZO<\/strong> &#8211; Simplificou. Ficou uma coisa de bandidos contra mocinhos. O mundo n&atilde;o &eacute; assim. Vejo alguns colunistas que t&ecirc;m certezas t&atilde;o gran&iacute;ticas. Fico muito surpreendido porque n&atilde;o tenho essa certeza.<\/p>\n<p><\/span><span><strong>FOLHA <\/strong>&#8211; E a rea&ccedil;&atilde;o ao &quot;Cansei&quot;? <br \/><\/span><span><strong>BELLUZZO<\/strong> &#8211; Vi muita gente ofendida com raz&atilde;o. Por que n&atilde;o podem dar a opini&atilde;o? Posso ter desprezo intelectual pelo o que est&atilde;o dizendo, mas eles t&ecirc;m todo direito de dizer o que acham.<\/p>\n<p><\/span><span><strong>FOLHA<\/strong> &#8211; Na sua opini&atilde;o, qual seria o tratamento ideal da m&iacute;dia no caso do mensal&atilde;o? <br \/><\/span><span><strong>BELLUZZO<\/strong> &#8211; Seria a evolu&ccedil;&atilde;o do caso. O que n&atilde;o posso &eacute; me colocar na posi&ccedil;&atilde;o de juiz. Existe uma institui&ccedil;&atilde;o encarregada de julgar. Ficamos espantados que esteja funcionando no pa&iacute;s. O Brasil &eacute; o pa&iacute;s onde os de cima nunca eram afetados pela pol&iacute;cia, pela Justi&ccedil;a. &Eacute; um choque do avan&ccedil;o da democracia. Um choque, &agrave;s vezes, &eacute; dolorido e exaspera rea&ccedil;&otilde;es antidemocr&aacute;ticas. As institui&ccedil;&otilde;es, de certa forma, est&atilde;o funcionando. Inclusive a imprensa est&aacute; se comportando de uma maneira em que &eacute; obrigada a se submeter &agrave; cr&iacute;tica. Tem um autor franc&ecirc;s Paul Virilio que diz a m&iacute;dia &eacute; a &uacute;nica institui&ccedil;&atilde;o que cria suas pr&oacute;prias leis.<\/p>\n<p><\/span><span><strong>FOLHA <\/strong>&#8211; O sr. concorda? <br \/><\/span><span><strong>BELLUZZO<\/strong> &#8211; Um pouco. N&atilde;o tem coisa mais sagrada que a liberdade de express&atilde;o. Ela n&atilde;o pode ser monopolizada por ningu&eacute;m. Voc&ecirc; n&atilde;o pode se colocar na posi&ccedil;&atilde;o de que &eacute; inatac&aacute;vel.<\/p>\n<p><\/span><span><strong>FOLHA<\/strong> &#8211; O sr. acha que a rea&ccedil;&atilde;o da m&iacute;dia &eacute; ao choque democr&aacute;tico? <br \/><\/span><span><strong>BELLUZZO<\/strong> &#8211; Esse terremoto democr&aacute;tico, que se acentuou com a chegada do oper&aacute;rio ao poder, suscitou uma rea&ccedil;&atilde;o de ambos os lados. O que n&atilde;o se pode permitir &eacute; que isso provoque transgress&atilde;o &agrave; liberdade de opini&atilde;o rec&iacute;proca. O que eu temo &eacute; isso. &quot;A m&iacute;dia &eacute; isso&quot;, &quot;a m&iacute;dia &eacute; aquilo&quot;, &eacute; uma coisa acr&iacute;tica. Esse tipo de rea&ccedil;&atilde;o, eu n&atilde;o gosto. Tenho medo. Assim como tenho medo de certas unanimidades que vemos em certos momentos na m&iacute;dia.<\/p>\n<p><\/span><span><strong>FOLHA <\/strong>&#8211; Essa rela&ccedil;&atilde;o, sob tens&atilde;o, &eacute; perigosa? <br \/><\/span><span><strong>BELLUZZO<\/strong> &#8211; N&atilde;o &eacute; boa para o pa&iacute;s. Pode ser conflituosa, mas n&atilde;o desrespeitar regras da sociedade democr&aacute;tica.<\/p>\n<p><\/span><span><strong>FOLHA<\/strong> &#8211; Lula est&aacute; preocupado? <br \/><\/span><span><strong>BELLUZZO<\/strong> &#8211; Ele acha que tem que criar um espa&ccedil;o p&uacute;blico que distensione isso. Ele &eacute; muito conciliador, o Lula. Ele fica muito assustado.<\/p>\n<p><\/span><span><strong>FOLHA<\/strong> &#8211; O sr. concorda que a imprensa seja tratada como um bloco? <br \/><\/span><span><strong>BELLUZZO<\/strong> &#8211; &Eacute; simplista. H&aacute; matizes. Criou-se um embate que n&atilde;o &eacute; bom para o Brasil. O governo tornar a m&iacute;dia num bloco monol&iacute;tico. E a m&iacute;dia diz &quot;o governo quer censurar&quot;.<\/p>\n<p><\/span><span><strong>FOLHA<\/strong> &#8211; O que o sr. acha dessa postura mais agressiva? <br \/><\/span><span><strong>BELLUZZO <\/strong>&#8211; Se voc&ecirc; acua um gato num quarto escuro, dizem, n&atilde;o tem uma forma de express&atilde;o. Em &quot;Origens do Totalitarismo&quot;, quando voc&ecirc; l&ecirc; os relatos que a Hannah Arendt faz do fascismo, &eacute; claramente de um povo que se sentia acuado, economicamente, social e politicamente. O totalitarismo n&atilde;o permite que o indiv&iacute;duo se exprima. Gera a viol&ecirc;ncia. Isso &eacute; muito perigoso. Fico assustado quando vejo esse tipo de rea&ccedil;&atilde;o. A rea&ccedil;&atilde;o correta &eacute; construir um ambiente de diversidade. N&atilde;o &eacute; um dem&ocirc;nio advers&aacute;rio, em cima do qual voc&ecirc; joga toda responsabilidade.<\/p>\n<p><\/span><span><strong>FOLHA<\/strong> &#8211; A demoniza&ccedil;&atilde;o vem dos dois lados? <br \/><\/span><span><strong>BELLUZZO<\/strong> &#8211; Bastante. &Eacute; o &aacute;pice da irracionalidade. O PT demoniza a imprensa e a resposta n&atilde;o tem sido adequada.<\/p>\n<p><\/span><span><strong>FOLHA<\/strong> &#8211; O sr. assusta quando fala do animal acuado como semente do fascismo&#8230; <br \/><\/span><span><strong>BELLUZZO<\/strong> &#8211; Uma sociedade em que os processos de sociabilidade se destru&iacute;ram completamente. N&atilde;o h&aacute; mais refer&ecirc;ncias a n&atilde;o ser o f&uuml;her. O populismo latino americano &eacute; uma p&aacute;lida id&eacute;ia do que foi aquilo. Voc&ecirc;s dizem que o Lula &eacute; populista. Ele &eacute; uma figura popular. &Eacute; muito democr&aacute;tico. N&atilde;o acho que tenhamos as condi&ccedil;&otilde;es hist&oacute;ricas do fascismo. O que digo &eacute; que a sociedade est&aacute; sempre amea&ccedil;ada pelo risco de salvacionismo, que, volta e meia, volta. Se voc&ecirc; forma um consenso que n&atilde;o &eacute; pass&iacute;vel de ser contraditado, corre um risco enorme.<\/p>\n<p><\/span><span><strong>FOLHA<\/strong> &#8211; A democracia brasileira est&aacute; sob amea&ccedil;a? <br \/><\/span><span><strong>BELLUZZO<\/strong> &#8211; Acho que est&aacute; permanentemente amea&ccedil;ada pelos poderes privados e pela id&eacute;ia de que voc&ecirc; pode ter um salvador da p&aacute;tria e que o Estado pode, na verdade, controlar a vida dos cidad&atilde;os. O processo democr&aacute;tico envolve, necessariamente, o risco de voc&ecirc; perder. Necessariamente perder o controle e caminhar na dire&ccedil;&atilde;o, por exemplo, de situa&ccedil;&otilde;es de monop&oacute;lio de informa&ccedil;&atilde;o. Um dia li uma entrevista na Folha, do Ruy Fausto, com a qual concordo quase inteiramente em que ele diz que &agrave;s vezes a esquerda n&atilde;o se deu conta de que o socialismo real fracassou completamente. Ele diz que a esquerda n&atilde;o conseguiu se reabilitar. De vez em quando voc&ecirc; tem fr&ecirc;mitos controlistas. N&atilde;o vai dar certo. Os pais da id&eacute;ia pensaram na democracia radicalizada. &Eacute; autonomia dos indiv&iacute;duos produtores. &Eacute; claro que &eacute; uma coisa do s&eacute;culo 19. A sociedade ficou muito mais complexa. Mas as id&eacute;ias de autonomia do indiv&iacute;duo s&atilde;o as que deveriam guiar a nossa luta pol&iacute;tica. Isso est&aacute; permanentemente em risco.<\/p>\n<p><\/span><span><strong>FOLHA<\/strong> &#8211; O sr. &eacute; um conselheiro do Lula e apoiou o Serra em 2002. Gostaria de entender essa rela&ccedil;&atilde;o. <br \/><\/span><span><strong>BELLUZZO<\/strong> &#8211; Conhe&ccedil;o o Lula desde os anos 70, quando come&ccedil;ou ser um l&iacute;der sindical. Tenho uma rela&ccedil;&atilde;o afetiva com ele. Gosto muito dele. N&atilde;o obstante, por que apoiei o Serra? N&atilde;o porque sou amigo do Serra, mas porque achei que fosse capaz de exercer uma pol&iacute;tica econ&ocirc;mica melhor. Exerci meu direito de divergir. Era uma disputa entre duas pessoas que acho importantes para o Brasil.<\/p>\n<p><\/span><span><strong>FOLHA<\/strong> &#8211; Como evitar a influ&ecirc;ncia do governo na TV P&uacute;blica? <br \/><\/span><span><strong>BELLUZZO<\/strong> &#8211; O recado que recebi do presidente foi que levasse com a maior autonomia poss&iacute;vel.<\/p>\n<p><\/span><span><strong>FOLHA<\/strong>&nbsp;&#8211; Deve haver um fundo? <br \/><\/span><span><strong>BELLUZZO<\/strong> &#8211; O financiamento &eacute; fundamental. Uma TV p&uacute;blica, dada a miss&atilde;o que tem que cumprir, tem que ter regularidade na flu&ecirc;ncia dos recursos. Sen&atilde;o a qualidade do servi&ccedil;o cai. Sem falar na autonomia.<\/p>\n<p><\/span><span><strong>FOLHA<\/strong> &#8211; E a publicidade? <br \/><\/span><span><strong>BELLUZZO<\/strong> &#8211; A TV p&uacute;blica n&atilde;o pode disputar publicidade. Se for presidente do conselho, n&atilde;o vou admitir.<\/p>\n<p><font face=\"Times New Roman\"><font size=\"3\"><br \/><\/font><\/font><\/span><span><font face=\"Times New Roman\" size=\"3\">&nbsp;<img loading=\"lazy\" decoding=\"async\" src=\"images\/stories\/politica_publicacoes\/c_normal_pq.png\" alt=\"Active Image\" width=\"15\" height=\"15\" \/><\/font><\/span><span><font face=\"Times New Roman\" size=\"3\">&nbsp;<\/font><\/span><\/p>\n","protected":false},"excerpt":{"rendered":"<p>Em entrevista&nbsp;ao jornal&nbsp;Folha de S&atilde;o Paulo, Luiz Gonzaga Belluzzo afirma ter estranhado que o convite para presidir o conselho curador da nova TV p&uacute;blica tenha sido feito a um economista. &ldquo;Acho que foi por conta dessa minha percep&ccedil;&atilde;o de que &eacute; preciso que se d&ecirc; curso ao debate mesmo que as id&eacute;ias contr&aacute;rias n&atilde;o sejam &hellip; <a href=\"https:\/\/obscom.intervozes.org.br\/?p=19172\" class=\"more-link\">Continue lendo <span class=\"screen-reader-text\">Belluzzo: nova TV p\u00fablica precisa de mod\u00e9stia e ambi\u00e7\u00e3o<\/span> <span class=\"meta-nav\">&rarr;<\/span><\/a><\/p>\n","protected":false},"author":1,"featured_media":0,"comment_status":"open","ping_status":"open","sticky":false,"template":"","format":"standard","meta":{"footnotes":""},"categories":[40],"tags":[83],"_links":{"self":[{"href":"https:\/\/obscom.intervozes.org.br\/index.php?rest_route=\/wp\/v2\/posts\/19172"}],"collection":[{"href":"https:\/\/obscom.intervozes.org.br\/index.php?rest_route=\/wp\/v2\/posts"}],"about":[{"href":"https:\/\/obscom.intervozes.org.br\/index.php?rest_route=\/wp\/v2\/types\/post"}],"author":[{"embeddable":true,"href":"https:\/\/obscom.intervozes.org.br\/index.php?rest_route=\/wp\/v2\/users\/1"}],"replies":[{"embeddable":true,"href":"https:\/\/obscom.intervozes.org.br\/index.php?rest_route=%2Fwp%2Fv2%2Fcomments&post=19172"}],"version-history":[{"count":0,"href":"https:\/\/obscom.intervozes.org.br\/index.php?rest_route=\/wp\/v2\/posts\/19172\/revisions"}],"wp:attachment":[{"href":"https:\/\/obscom.intervozes.org.br\/index.php?rest_route=%2Fwp%2Fv2%2Fmedia&parent=19172"}],"wp:term":[{"taxonomy":"category","embeddable":true,"href":"https:\/\/obscom.intervozes.org.br\/index.php?rest_route=%2Fwp%2Fv2%2Fcategories&post=19172"},{"taxonomy":"post_tag","embeddable":true,"href":"https:\/\/obscom.intervozes.org.br\/index.php?rest_route=%2Fwp%2Fv2%2Ftags&post=19172"}],"curies":[{"name":"wp","href":"https:\/\/api.w.org\/{rel}","templated":true}]}}