{"id":19169,"date":"2007-09-10T11:50:13","date_gmt":"2007-09-10T11:50:13","guid":{"rendered":"https:\/\/obscom.intervozes.org.br\/wordpress\/?p=19169"},"modified":"2007-09-10T11:50:13","modified_gmt":"2007-09-10T11:50:13","slug":"pt-quer-discutir-democratizacao-da-comunicacao-com-ministros","status":"publish","type":"post","link":"https:\/\/obscom.intervozes.org.br\/?p=19169","title":{"rendered":"PT quer discutir democratiza\u00e7\u00e3o da comunica\u00e7\u00e3o com ministros"},"content":{"rendered":"<p>A Comiss&atilde;o Executiva Nacional do PT aprovou na &uacute;ltima semana resolu&ccedil;&atilde;o em que solicita uma audi&ecirc;ncia com os ministros Luiz Dulci, H&eacute;lio Costa e Franklin Martins para defender a democratiza&ccedil;&atilde;o da &ldquo;Confer&ecirc;ncia Nacional de Comunica&ccedil;&atilde;o&rdquo; e discutir o modelo de gest&atilde;o da TV P&uacute;blica.<\/p>\n<p>No documento, a Comiss&atilde;o Executiva tamb&eacute;m informa que o PT pedir&aacute; &agrave; bancada petista no Congresso que fa&ccedil;a gest&otilde;es no sentido de se rever o atual de concess&otilde;es de canais de radiofus&atilde;o, conforme resolu&ccedil;&atilde;o aprovada no 3&ordm; Congresso Nacional do partido, realizado no &uacute;ltimo fim de semana.<\/p>\n<p>Leia a &iacute;ntegra do documento:<\/p>\n<p><strong>Resolu&ccedil;&atilde;o da Comiss&atilde;o Executiva Nacional do PT sobre Comunica&ccedil;&atilde;o<\/strong><\/p>\n<p><u>1) Sobre a Confer&ecirc;ncia Nacional de Comunica&ccedil;&otilde;es<\/u><\/p>\n<p>Considerando que a sociedade civil vem cobrando a realiza&ccedil;&atilde;o do evento para conseguir realizar um debate p&uacute;blico sobre as pol&iacute;ticas de comunica&ccedil;&atilde;o brasileiras, o Minist&eacute;rio das Comunica&ccedil;&otilde;es, a C&acirc;mara, o Senado e a Anatel convocaram uma &quot;Confer&ecirc;ncia Nacional Preparat&oacute;ria de Comunica&ccedil;&atilde;o&quot; para os dias 17 a 19 de setembro, que, apesar do nome, &eacute; um semin&aacute;rio sobre a regulamenta&ccedil;&atilde;o das m&iacute;dias em tempos de converg&ecirc;ncia. N&atilde;o h&aacute; at&eacute; agora nenhuma sinaliza&ccedil;&atilde;o de que o governo v&aacute; realizar uma confer&ecirc;ncia para a comunica&ccedil;&atilde;o nos moldes do que aconteceu em outros setores.<\/p>\n<p>A Comiss&atilde;o Executiva Nacional decide solicitar uma reuni&atilde;o com os ministros Luis Dulci, H&eacute;lio Costa e Franklin Martins, para reafirmar nossa defesa de uma confer&ecirc;ncia nacional de comunica&ccedil;&atilde;o ampla e democr&aacute;tica e propor ao governo que lance a confer&ecirc;ncia nacional de comunica&ccedil;&atilde;o na confer&ecirc;ncia preparat&oacute;ria, instituindo uma comiss&atilde;o com participa&ccedil;&atilde;o de governo, empres&aacute;rios e sociedade civil para a sua organiza&ccedil;&atilde;o.<\/p>\n<p>A CEN adiantar&aacute; esta posi&ccedil;&atilde;o no caf&eacute; da manh&atilde; da Bancada com o ministro Franklin Martins. <\/p>\n<p><u>2) TV p&uacute;blica<\/u><\/p>\n<p>A CEN solicitar&aacute; aos ministros informa&ccedil;&otilde;es oficiais sobre como ser&aacute; definida a gest&atilde;o da TV p&uacute;blica, em particular sobre a not&iacute;cia de que a gest&atilde;o da TV p&uacute;blica ser&aacute; feita por um conselho indicado pelo presidente Lula. O PT deve, com base na resolu&ccedil;&atilde;o do Congresso, reafirmar aos ministros da &aacute;rea que uma das marcas da nova TV p&uacute;blica seja a participa&ccedil;&atilde;o. Isso passa pela composi&ccedil;&atilde;o do conselho por representa&ccedil;&otilde;es da sociedade, a exemplo do que diz a Carta de Bras&iacute;lia do I F&oacute;rum de TVs P&uacute;blicas, e pela cria&ccedil;&atilde;o de um sistema de acompanhamento da programa&ccedil;&atilde;o, que permita diferentes formas de participa&ccedil;&atilde;o e avalia&ccedil;&atilde;o do conte&uacute;do transmitido, criando comiss&otilde;es de usu&aacute;rios por programas e uma geral de programa&ccedil;&atilde;o para a emissora.<\/p>\n<p><span><u>3) Concess&otilde;es<\/u><\/p>\n<p><\/span><span>No dia 5 de outubro vencem as concess&otilde;es de importantes emissoras brasileiras, entre elas as cinco TVs pr&oacute;prias da Rede Globo. Movimentos sociais e entidades do campo da comunica&ccedil;&atilde;o v&ecirc;m preparando mobiliza&ccedil;&otilde;es no m&ecirc;s de outubro, iniciando no dia 5, nas quais pretendem questionar o sistema de concess&otilde;es, a concentra&ccedil;&atilde;o de propriedade e cobrar crit&eacute;rios que garantam a participa&ccedil;&atilde;o da sociedade organizada nas outorgas e renova&ccedil;&otilde;es e no acompanhamento do conte&uacute;do transmitido.<\/p>\n<p>C<\/span>onforme resolu&ccedil;&atilde;o do 3&ordm;. Congresso, a CEN acompanhar&aacute; o desenrolar destas mobiliza&ccedil;&otilde;es e solicitar&aacute; &agrave; nossa Bancada no parlamento que fa&ccedil;a as gest&otilde;es necess&aacute;rias para que seja revisto o atual sistema de concess&otilde;es. <\/p>\n<p>O assunto voltar&aacute; a ser debatido na pr&oacute;xima reuni&atilde;o da CEN em 25 de setembro de 2007.Bras&iacute;lia, 05 de setembro de 2007.<\/p>\n<p>Comiss&atilde;o Executiva Nacional<br \/>Partido dos Trabalhadores <\/p>\n","protected":false},"excerpt":{"rendered":"<p>A Comiss&atilde;o Executiva Nacional do PT aprovou na &uacute;ltima semana resolu&ccedil;&atilde;o em que solicita uma audi&ecirc;ncia com os ministros Luiz Dulci, H&eacute;lio Costa e Franklin Martins para defender a democratiza&ccedil;&atilde;o da &ldquo;Confer&ecirc;ncia Nacional de Comunica&ccedil;&atilde;o&rdquo; e discutir o modelo de gest&atilde;o da TV P&uacute;blica. No documento, a Comiss&atilde;o Executiva tamb&eacute;m informa que o PT pedir&aacute; &hellip; <a href=\"https:\/\/obscom.intervozes.org.br\/?p=19169\" class=\"more-link\">Continue lendo <span class=\"screen-reader-text\">PT quer discutir democratiza\u00e7\u00e3o da comunica\u00e7\u00e3o com ministros<\/span> <span class=\"meta-nav\">&rarr;<\/span><\/a><\/p>\n","protected":false},"author":1,"featured_media":0,"comment_status":"open","ping_status":"open","sticky":false,"template":"","format":"standard","meta":{"footnotes":""},"categories":[40],"tags":[366],"_links":{"self":[{"href":"https:\/\/obscom.intervozes.org.br\/index.php?rest_route=\/wp\/v2\/posts\/19169"}],"collection":[{"href":"https:\/\/obscom.intervozes.org.br\/index.php?rest_route=\/wp\/v2\/posts"}],"about":[{"href":"https:\/\/obscom.intervozes.org.br\/index.php?rest_route=\/wp\/v2\/types\/post"}],"author":[{"embeddable":true,"href":"https:\/\/obscom.intervozes.org.br\/index.php?rest_route=\/wp\/v2\/users\/1"}],"replies":[{"embeddable":true,"href":"https:\/\/obscom.intervozes.org.br\/index.php?rest_route=%2Fwp%2Fv2%2Fcomments&post=19169"}],"version-history":[{"count":0,"href":"https:\/\/obscom.intervozes.org.br\/index.php?rest_route=\/wp\/v2\/posts\/19169\/revisions"}],"wp:attachment":[{"href":"https:\/\/obscom.intervozes.org.br\/index.php?rest_route=%2Fwp%2Fv2%2Fmedia&parent=19169"}],"wp:term":[{"taxonomy":"category","embeddable":true,"href":"https:\/\/obscom.intervozes.org.br\/index.php?rest_route=%2Fwp%2Fv2%2Fcategories&post=19169"},{"taxonomy":"post_tag","embeddable":true,"href":"https:\/\/obscom.intervozes.org.br\/index.php?rest_route=%2Fwp%2Fv2%2Ftags&post=19169"}],"curies":[{"name":"wp","href":"https:\/\/api.w.org\/{rel}","templated":true}]}}