{"id":19167,"date":"2007-09-06T16:54:48","date_gmt":"2007-09-06T16:54:48","guid":{"rendered":"https:\/\/obscom.intervozes.org.br\/wordpress\/?p=19167"},"modified":"2007-09-06T16:54:48","modified_gmt":"2007-09-06T16:54:48","slug":"tv-atalaia-e-obrigada-a-veicular-insercoes-sobre-direitos-humanos","status":"publish","type":"post","link":"https:\/\/obscom.intervozes.org.br\/?p=19167","title":{"rendered":"TV Atalaia \u00e9 obrigada a veicular inser\u00e7\u00f5es sobre Direitos Humanos"},"content":{"rendered":"<p>O Minist&eacute;rio P&uacute;blico Federal em Sergipe (MPF\/SE) acaba de conseguir uma importante vit&oacute;ria em favor da cidadania. A TV Atalaia (Record) assinou um acordo na 3a Vara da Justi&ccedil;a Federal se comprometendo, entre outras a&ccedil;&otilde;es, a veicular nos intervalos do programa policial &ldquo;Toler&acirc;ncia Zero&rdquo;, no final da manh&atilde;, e do Jornal do Estado, telejornal noturno da emissora, inser&ccedil;&otilde;es de 30 segundos com vinhetas tem&aacute;ticas sobre direitos humanos.<\/p>\n<p>O acordo &eacute; fruto de uma a&ccedil;&atilde;o civil p&uacute;blica movida contra a TV Atalaia &ndash; canal 8 &#8211; por veicular cenas e divulgar express&otilde;es agressivas a dignidade das pessoas no programa &quot;Toler&acirc;ncia Zero&quot;, apresentado pelo radialista e policial civil Otoniel Rodrigues Amado, mais conhecido como &quot;Bareta&quot;. A a&ccedil;&atilde;o tamb&eacute;m foi movida contra o pr&oacute;prio apresentador, o Estado de Sergipe e a Uni&atilde;o Federal. Na tarde de ontem, em audi&ecirc;ncia, foi fechado um acordo proposto pela emissora e acatados pelas partes.<\/p>\n<p>A TV se comprometeu em veicular, diariamente, as vinhetas de 30 segundos por um per&iacute;odo de seis meses durante os intervalos dos dois programas. Os temas das inser&ccedil;&otilde;es ser&atilde;o definidos pelo Minist&eacute;rio P&uacute;blico Federal, mas v&atilde;o abordar os direitos humanos, tortura, combate &agrave; corrup&ccedil;&atilde;o, lisura eleitoral, papel do Minist&eacute;rio P&uacute;blico, entre outros. O descumprimento, por parte da emissora, do acordo importa em multa de R$ 25 mil que ser&aacute; revertida para o Fundo de Defesa dos Direitos Difusos.<\/p>\n<p>O procurador da Rep&uacute;blica Paulo Gustavo Guedes Fontes, que atua na quest&atilde;o, disse que o acordo ficou bastante razo&aacute;vel. &ldquo;Foi um trabalho &aacute;rduo do MPF\/SE, especialmente dos nossos servidores, em defesa da cidadania. &Eacute; importante registrar o compromisso p&uacute;blico do juiz federal Edmilson da Silva Pimenta, do representante da Uni&atilde;o e do Estado de Sergipe, al&eacute;m do interesse da emissora em resolver a quest&atilde;o&rdquo;, avaliou o procurador.<\/p>\n<p>Imagem &ndash; Ainda pelo acordo, a emissora fica proibida de exibir imagens de presos, notadamente se houver recusa, e nem suas fotos, buscando sempre o respeito a dignidade das pessoas. A TV tamb&eacute;m deve se restringir aos fatos ocorridos, abstendo-se de realizar conjecturas e suposi&ccedil;&otilde;es sobre os fatos e as pessoas envolvidas, muito menos externar ju&iacute;zo de valor sobre presos. Ficou a emissora proibida ainda de usar trucagem e anima&ccedil;&otilde;es, e o emprego de tom jocoso ou de ridiculariza&ccedil;&atilde;o contra os entrevistados.<\/p>\n<p>Diretamente ao apresentador, ficou acordado que ele n&atilde;o pode proferir qualquer tipo de inj&uacute;ria direta contra os presos; n&atilde;o incentivar ou fazer alus&atilde;o que possa fomentar a pr&aacute;tica de infra&ccedil;&otilde;es penais, tais como tortura, abuso de autoridade, mesmo que de forma impl&iacute;cita; n&atilde;o incitar a desobedi&ecirc;ncia &agrave;s leis ou decis&otilde;es judiciais. A pr&oacute;pria emissora garante no acordo a proibi&ccedil;&atilde;o em seu programa do uso de palavras de baixo cal&atilde;o, palavr&otilde;es, gestos ofensivos ou ainda insinuativos de viol&ecirc;ncia policial ou contra presos.<\/p>\n<p>A emissora ainda se comprometeu em abster-se de veicular propaganda de bebida alco&oacute;lica, fumo, al&eacute;m de n&atilde;o utilizar na propaganda de bebidas recursos gr&aacute;ficos e audiovisuais pertencentes ao universo infantil. O juiz Edmilson Pimenta, na audi&ecirc;ncia, disse que louvava o acordo firmado num tema de relevante interesse p&uacute;blico, sem desprezar o dever de informar da imprensa e o direito da coletividade em ser devidamente informada, tudo isso sem preju&iacute;zo da vigil&acirc;ncia e do dever do Minist&eacute;rio P&uacute;blico, como fiscal da lei, em fazer cumprir a Constitui&ccedil;&atilde;o Federal e as leis vigentes no Pa&iacute;s.<\/p>\n<p>Desde 2003 &#8211; O procurador da Rep&uacute;blica Paulo Fontes disse que, desde 2003, o MPF\/SE vem acompanhando o programa televisivo de jornalismo policial que &eacute; veiculado diariamente entre &agrave;s 12 e 14 horas. &quot;Pelo hor&aacute;rio, &eacute; assistido por crian&ccedil;as e adolescentes. O seu conte&uacute;do &eacute; inadequado a esse p&uacute;blico. Exibe, muitas vezes, cenas chocantes de cad&aacute;veres e les&otilde;es corporais, al&eacute;m de propagandas de bebidas alco&oacute;licas&quot;, disse o procurador.<\/p>\n<p>&quot;O programa tem forte apelo sensacionalista e se vislumbram graves viola&ccedil;&otilde;es &agrave; ordem jur&iacute;dica, como ofensas: aos direitos dos presos, com veicula&ccedil;&atilde;o indevida de sua imagem; ao princ&iacute;pio da presun&ccedil;&atilde;o de inoc&ecirc;ncia; incentivo &agrave; pr&aacute;tica da viol&ecirc;ncia policial e da tortura; veicula&ccedil;&atilde;o de palavras de baixo cal&atilde;o e imagens chocantes nocivas &agrave; forma&ccedil;&atilde;o de crian&ccedil;as e adolescentes, entre outras&quot;, completa Paulo Fontes.<\/p>\n<p>Desde a not&iacute;cia do ingresso da a&ccedil;&atilde;o civil p&uacute;blica contra a emissora e o programa Toler&acirc;ncia Zero, os dirigentes da TV Atalaia informaram que tinham sido realizadas altera&ccedil;&otilde;es na produ&ccedil;&atilde;o do programa para ajudar o que determina &agrave; legisla&ccedil;&atilde;o. O Minist&eacute;rio P&uacute;blico Federal vai continuar acompanhando.<\/p>\n","protected":false},"excerpt":{"rendered":"<p>O Minist&eacute;rio P&uacute;blico Federal em Sergipe (MPF\/SE) acaba de conseguir uma importante vit&oacute;ria em favor da cidadania. A TV Atalaia (Record) assinou um acordo na 3a Vara da Justi&ccedil;a Federal se comprometendo, entre outras a&ccedil;&otilde;es, a veicular nos intervalos do programa policial &ldquo;Toler&acirc;ncia Zero&rdquo;, no final da manh&atilde;, e do Jornal do Estado, telejornal noturno &hellip; <a href=\"https:\/\/obscom.intervozes.org.br\/?p=19167\" class=\"more-link\">Continue lendo <span class=\"screen-reader-text\">TV Atalaia \u00e9 obrigada a veicular inser\u00e7\u00f5es sobre Direitos Humanos<\/span> <span class=\"meta-nav\">&rarr;<\/span><\/a><\/p>\n","protected":false},"author":1,"featured_media":0,"comment_status":"open","ping_status":"open","sticky":false,"template":"","format":"standard","meta":{"footnotes":""},"categories":[40],"tags":[384],"_links":{"self":[{"href":"https:\/\/obscom.intervozes.org.br\/index.php?rest_route=\/wp\/v2\/posts\/19167"}],"collection":[{"href":"https:\/\/obscom.intervozes.org.br\/index.php?rest_route=\/wp\/v2\/posts"}],"about":[{"href":"https:\/\/obscom.intervozes.org.br\/index.php?rest_route=\/wp\/v2\/types\/post"}],"author":[{"embeddable":true,"href":"https:\/\/obscom.intervozes.org.br\/index.php?rest_route=\/wp\/v2\/users\/1"}],"replies":[{"embeddable":true,"href":"https:\/\/obscom.intervozes.org.br\/index.php?rest_route=%2Fwp%2Fv2%2Fcomments&post=19167"}],"version-history":[{"count":0,"href":"https:\/\/obscom.intervozes.org.br\/index.php?rest_route=\/wp\/v2\/posts\/19167\/revisions"}],"wp:attachment":[{"href":"https:\/\/obscom.intervozes.org.br\/index.php?rest_route=%2Fwp%2Fv2%2Fmedia&parent=19167"}],"wp:term":[{"taxonomy":"category","embeddable":true,"href":"https:\/\/obscom.intervozes.org.br\/index.php?rest_route=%2Fwp%2Fv2%2Fcategories&post=19167"},{"taxonomy":"post_tag","embeddable":true,"href":"https:\/\/obscom.intervozes.org.br\/index.php?rest_route=%2Fwp%2Fv2%2Ftags&post=19167"}],"curies":[{"name":"wp","href":"https:\/\/api.w.org\/{rel}","templated":true}]}}