{"id":19163,"date":"2007-09-06T16:33:01","date_gmt":"2007-09-06T16:33:01","guid":{"rendered":"https:\/\/obscom.intervozes.org.br\/wordpress\/?p=19163"},"modified":"2007-09-06T16:33:01","modified_gmt":"2007-09-06T16:33:01","slug":"helio-costa-e-contra-cpi-para-investigar-venda-da-tva-pt-e-a-favor","status":"publish","type":"post","link":"https:\/\/obscom.intervozes.org.br\/?p=19163","title":{"rendered":"H\u00e9lio Costa \u00e9 contra CPI para investigar venda da TVA; PT \u00e9 a favor."},"content":{"rendered":"<p>O Ministro das Comunica&ccedil;&otilde;es disse nesta quarta-feira, 5, durante entrevista coletiva, que n&atilde;o aprova a instala&ccedil;&atilde;o de uma Comiss&atilde;o Parlamentar de Inqu&eacute;rito (CPI) para investigar a venda da TVA para o grupo espanhol Telefonica. Apesar de pertencer ao PMDB, mesmo partido do presidente do Senado Renan Calheiros, e que levantou suspeitas sobre o neg&oacute;cio entre o grupo Abril e os espanh&oacute;is, o ministro H&eacute;lio Costa afirma que o neg&oacute;cio foi analisado pelo Minist&eacute;rio das Comunica&ccedil;&otilde;es e pela Ag&ecirc;ncia Nacional de Telecomunica&ccedil;&otilde;es (Anatel) e n&atilde;o apresentou problemas. <\/p>\n<p>Para o ministro peeemedebista n&atilde;o h&aacute; motivos para investiga&ccedil;&atilde;o do processo pelo Congresso Nacional. &#39;Eu conhe&ccedil;o os documentos, se tivesse alguma coisa errada, n&atilde;o teria passado pelos conselheiros daAnatel&#39;, disse. <\/p>\n<p>J&aacute; o] l&iacute;der do PT na C&acirc;mara, Luiz S&eacute;rgio (RJ), demonstrou que seu partido n&atilde;o pretende recuar na disposi&ccedil;&atilde;o de criar a CPI para investigar a compra da operadora de TV por assinatura TVA pela Telef&ocirc;nica. Em entrevista ao portal G1, o deputado afirmou que a m&iacute;dia, se investigada pela CPI, ter&aacute; a oportunidade de ostentar a transpar&ecirc;ncia que tanto prega. <\/p>\n<p>&#39;&#39;O sentimento que existe &eacute; que a m&iacute;dia cobra transpar&ecirc;ncia, o voto aberto e quer tudo bem esclarecido. Se algu&eacute;m quer as coisas transparentes, n&atilde;o pode querer s&oacute; para os outros&#39;&#39;, explicou. Luiz S&eacute;rgio esclareceu, no entanto, que n&atilde;o se trata de tolher o trabalho da imprensa. &#39;&#39;N&atilde;o podemos confundir interesses econ&ocirc;micos com liberdade de imprensa.&#39;&#39;&nbsp;&nbsp;<\/p>\n<p>*Com informa&ccedil;&otilde;es&nbsp;do Vermelho e do Meio &amp; Mensagem.<\/p>\n","protected":false},"excerpt":{"rendered":"<p>O Ministro das Comunica&ccedil;&otilde;es disse nesta quarta-feira, 5, durante entrevista coletiva, que n&atilde;o aprova a instala&ccedil;&atilde;o de uma Comiss&atilde;o Parlamentar de Inqu&eacute;rito (CPI) para investigar a venda da TVA para o grupo espanhol Telefonica. Apesar de pertencer ao PMDB, mesmo partido do presidente do Senado Renan Calheiros, e que levantou suspeitas sobre o neg&oacute;cio entre &hellip; <a href=\"https:\/\/obscom.intervozes.org.br\/?p=19163\" class=\"more-link\">Continue lendo <span class=\"screen-reader-text\">H\u00e9lio Costa \u00e9 contra CPI para investigar venda da TVA; PT \u00e9 a favor.<\/span> <span class=\"meta-nav\">&rarr;<\/span><\/a><\/p>\n","protected":false},"author":1,"featured_media":0,"comment_status":"open","ping_status":"open","sticky":false,"template":"","format":"standard","meta":{"footnotes":""},"categories":[39],"tags":[],"_links":{"self":[{"href":"https:\/\/obscom.intervozes.org.br\/index.php?rest_route=\/wp\/v2\/posts\/19163"}],"collection":[{"href":"https:\/\/obscom.intervozes.org.br\/index.php?rest_route=\/wp\/v2\/posts"}],"about":[{"href":"https:\/\/obscom.intervozes.org.br\/index.php?rest_route=\/wp\/v2\/types\/post"}],"author":[{"embeddable":true,"href":"https:\/\/obscom.intervozes.org.br\/index.php?rest_route=\/wp\/v2\/users\/1"}],"replies":[{"embeddable":true,"href":"https:\/\/obscom.intervozes.org.br\/index.php?rest_route=%2Fwp%2Fv2%2Fcomments&post=19163"}],"version-history":[{"count":0,"href":"https:\/\/obscom.intervozes.org.br\/index.php?rest_route=\/wp\/v2\/posts\/19163\/revisions"}],"wp:attachment":[{"href":"https:\/\/obscom.intervozes.org.br\/index.php?rest_route=%2Fwp%2Fv2%2Fmedia&parent=19163"}],"wp:term":[{"taxonomy":"category","embeddable":true,"href":"https:\/\/obscom.intervozes.org.br\/index.php?rest_route=%2Fwp%2Fv2%2Fcategories&post=19163"},{"taxonomy":"post_tag","embeddable":true,"href":"https:\/\/obscom.intervozes.org.br\/index.php?rest_route=%2Fwp%2Fv2%2Ftags&post=19163"}],"curies":[{"name":"wp","href":"https:\/\/api.w.org\/{rel}","templated":true}]}}