{"id":19161,"date":"2007-09-06T15:46:28","date_gmt":"2007-09-06T15:46:28","guid":{"rendered":"https:\/\/obscom.intervozes.org.br\/wordpress\/?p=19161"},"modified":"2007-09-06T15:46:28","modified_gmt":"2007-09-06T15:46:28","slug":"pela-primeira-vez-anatel-usa-fust-para-universalizacao-das-telecomunicacoes","status":"publish","type":"post","link":"https:\/\/obscom.intervozes.org.br\/?p=19161","title":{"rendered":"Pela primeira vez, Anatel usa Fust para universaliza\u00e7\u00e3o das telecomunica\u00e7\u00f5es"},"content":{"rendered":"<p>Bras&iacute;lia &#8211; O ministro das Comunica&ccedil;&otilde;es, H&eacute;lio Costa, representantes da Ag&ecirc;ncia Nacional de Telecomunicaca&ccedil;&otilde;es (Anatel) e de concession&aacute;rias telef&ocirc;nicas assinaram hoje (5) o Termo de Obriga&ccedil;&otilde;es do Plano de Metas para Universaliza&ccedil;&atilde;o (PMU) da telefonia fixa em institui&ccedil;&otilde;es de assist&ecirc;ncia apessoas com defici&ecirc;ncia auditiva. <\/p>\n<p>Esse benef&iacute;cio &eacute; um dos programas previstos no plano, que ser&aacute; implementado por meio de uma parceria entre a Secretaria Especial dos Direitos Humanos (SEDH) e a Anatel. Para a execu&ccedil;&atilde;o do PMU, ser&atilde;o utilizados pela primeira vez recursos do Fundo de Universaliza&ccedil;&atilde;o dos Servi&ccedil;os de Telecomunica&ccedil;&otilde;es (Fust).&nbsp; <\/p>\n<p>O Fust foi criado h&aacute; sete anos com intuito de promover o uso de servi&ccedil;os de telecomunica&ccedil;&otilde;es nas &aacute;reas de educa&ccedil;&atilde;o, sa&uacute;de, seguran&ccedil;a e ao acesso de pessoas com defici&ecirc;ncia, entre outros. Ele &eacute; composto pela arrecada&ccedil;&atilde;o de 1% da receita operacional bruta de todas as empresas do setor de telecomunica&ccedil;&otilde;es; de parte dos valores arrecadados pela Anatel com a venda de licen&ccedil;as para a explora&ccedil;&atilde;o dos servi&ccedil;os; de 50% dos recursos do Fundo de Fiscaliza&ccedil;&atilde;o das Telecomunica&ccedil;&otilde;es(Fiestel); e de dota&ccedil;&otilde;es designadas na Lei Or&ccedil;ament&aacute;ria Anual. <\/p>\n<p>Segundo H&eacute;lio Costa, o PMU &eacute; uma iniciativa do governo federal para universaliza&ccedil;&atilde;o dos servi&ccedil;os de telecomunica&ccedil;&otilde;es. Na avalia&ccedil;&atilde;o dele, o plano representa, um avan&ccedil;o para a inclus&atilde;o social de pessoas com algum tipo de defici&ecirc;ncia. &#39;Ajudar crian&ccedil;as, jovens e adultos com defici&ecirc;ncia &eacute; um grande passo. Hoje n&oacute;s marcamos um gol de placa&#39;. <\/p>\n<p>Ainda segundo ele, outros programas est&atilde;o previstos no PMU. Em alguns meses, acrescentou o ministro, ser&aacute; lan&ccedil;ado um telefone especial para deficientes visuais. &#39;A porteira est&aacute; aberta. Agora, vamos passar toda a boiada da universaliza&ccedil;&atilde;o. O PMU prev&ecirc; tr&ecirc;s fases de implementa&ccedil;&atilde;o, que devem estar conclu&iacute;das em at&eacute; nove meses. O in&iacute;cio desse prazo foi a assinatura realizada hoje. <\/p>\n<p><img loading=\"lazy\" decoding=\"async\" src=\"images\/stories\/politica_publicacoes\/cc_pq.png\" alt=\"Active Image\" width=\"15\" height=\"15\" \/><\/p>\n","protected":false},"excerpt":{"rendered":"<p>Bras&iacute;lia &#8211; O ministro das Comunica&ccedil;&otilde;es, H&eacute;lio Costa, representantes da Ag&ecirc;ncia Nacional de Telecomunicaca&ccedil;&otilde;es (Anatel) e de concession&aacute;rias telef&ocirc;nicas assinaram hoje (5) o Termo de Obriga&ccedil;&otilde;es do Plano de Metas para Universaliza&ccedil;&atilde;o (PMU) da telefonia fixa em institui&ccedil;&otilde;es de assist&ecirc;ncia apessoas com defici&ecirc;ncia auditiva. Esse benef&iacute;cio &eacute; um dos programas previstos no plano, que ser&aacute; &hellip; <a href=\"https:\/\/obscom.intervozes.org.br\/?p=19161\" class=\"more-link\">Continue lendo <span class=\"screen-reader-text\">Pela primeira vez, Anatel usa Fust para universaliza\u00e7\u00e3o das telecomunica\u00e7\u00f5es<\/span> <span class=\"meta-nav\">&rarr;<\/span><\/a><\/p>\n","protected":false},"author":1,"featured_media":0,"comment_status":"open","ping_status":"open","sticky":false,"template":"","format":"standard","meta":{"footnotes":""},"categories":[40],"tags":[60],"_links":{"self":[{"href":"https:\/\/obscom.intervozes.org.br\/index.php?rest_route=\/wp\/v2\/posts\/19161"}],"collection":[{"href":"https:\/\/obscom.intervozes.org.br\/index.php?rest_route=\/wp\/v2\/posts"}],"about":[{"href":"https:\/\/obscom.intervozes.org.br\/index.php?rest_route=\/wp\/v2\/types\/post"}],"author":[{"embeddable":true,"href":"https:\/\/obscom.intervozes.org.br\/index.php?rest_route=\/wp\/v2\/users\/1"}],"replies":[{"embeddable":true,"href":"https:\/\/obscom.intervozes.org.br\/index.php?rest_route=%2Fwp%2Fv2%2Fcomments&post=19161"}],"version-history":[{"count":0,"href":"https:\/\/obscom.intervozes.org.br\/index.php?rest_route=\/wp\/v2\/posts\/19161\/revisions"}],"wp:attachment":[{"href":"https:\/\/obscom.intervozes.org.br\/index.php?rest_route=%2Fwp%2Fv2%2Fmedia&parent=19161"}],"wp:term":[{"taxonomy":"category","embeddable":true,"href":"https:\/\/obscom.intervozes.org.br\/index.php?rest_route=%2Fwp%2Fv2%2Fcategories&post=19161"},{"taxonomy":"post_tag","embeddable":true,"href":"https:\/\/obscom.intervozes.org.br\/index.php?rest_route=%2Fwp%2Fv2%2Ftags&post=19161"}],"curies":[{"name":"wp","href":"https:\/\/api.w.org\/{rel}","templated":true}]}}