{"id":19160,"date":"2007-09-06T12:43:19","date_gmt":"2007-09-06T12:43:19","guid":{"rendered":"https:\/\/obscom.intervozes.org.br\/wordpress\/?p=19160"},"modified":"2007-09-06T12:43:19","modified_gmt":"2007-09-06T12:43:19","slug":"padrao-japones-para-parabolicas-divide-radiodifusores-globo-e-contra","status":"publish","type":"post","link":"https:\/\/obscom.intervozes.org.br\/?p=19160","title":{"rendered":"Padr\u00e3o japon\u00eas para parab\u00f3licas divide radiodifusores; Globo \u00e9 contra"},"content":{"rendered":"<div>\n<div class=\"documentByLine\">A transmiss&atilde;o de TV digital via sat&eacute;lite para os 15 milh&otilde;es de domic&iacute;lios brasileiros que possuem antenas parab&oacute;licas rachou as redes de TV e colocou o Minist&eacute;rio das Comunica&ccedil;&otilde;es em uma situa&ccedil;&atilde;o delicada. <\/p>\n<p>H&aacute; duas semanas, Band e Rede TV! entregaram ao ministro H&eacute;lio Costa documento em que pedem a implanta&ccedil;&atilde;o do ISDB-S, a vers&atilde;o para sat&eacute;lite do padr&atilde;o de TV digital japon&ecirc;s, adotado pelo Brasil. Por enquanto, as redes s&oacute; podem transmitir TV digital por via terrestre, come&ccedil;ando por S&atilde;o Paulo.<\/p>\n<p>A libera&ccedil;&atilde;o da transmiss&atilde;o via sat&eacute;lite daria acesso imediato &agrave; TV digital aos propriet&aacute;rios de parab&oacute;licas (desde que comprem um novo receptor). A TV digital chegaria j&aacute; a cidades que s&oacute; receberiam a nova tecnologia daqui a dez anos. &quot;Seria uma forma de democratizar o acesso &agrave; TV digital e de baratear as caixas receptoras&quot;, diz Frederico Nogueira, diretor da Band.<\/p>\n<p>O problema &eacute; que a Globo &eacute; contra, porque as parab&oacute;licas afetam as receitas publicit&aacute;rias regionais. Embora SBT e Record ainda estudem o assunto, a Abert &eacute; contra a medida. Vice-presidente institucional da Globo, Evandro Guimar&atilde;es discutir&aacute; o assunto hoje em reuni&atilde;o com a Band e a Rede TV!.<\/p>\n<p>Enquanto isso, o Minist&eacute;rio das Comunica&ccedil;&otilde;es, que n&atilde;o quer desagradar &agrave; Globo, ganha tempo. Diz &quot;que a prioridade &eacute; cumprir o decreto 5.820\/06, que estabelece o cronograma da TV digital [terrestre]&quot;.<\/p><\/div>\n<div class=\"documentByLine\">&nbsp;<\/div>\n<div class=\"documentByLine\"><img loading=\"lazy\" decoding=\"async\" src=\"images\/stories\/politica_publicacoes\/c_normal_pq.png\" alt=\"Active Image\" width=\"15\" height=\"15\" \/>&nbsp;Folha de S&atilde;o Paulo.<\/div>\n<\/div>\n","protected":false},"excerpt":{"rendered":"<p>A transmiss&atilde;o de TV digital via sat&eacute;lite para os 15 milh&otilde;es de domic&iacute;lios brasileiros que possuem antenas parab&oacute;licas rachou as redes de TV e colocou o Minist&eacute;rio das Comunica&ccedil;&otilde;es em uma situa&ccedil;&atilde;o delicada. H&aacute; duas semanas, Band e Rede TV! entregaram ao ministro H&eacute;lio Costa documento em que pedem a implanta&ccedil;&atilde;o do ISDB-S, a vers&atilde;o &hellip; <a href=\"https:\/\/obscom.intervozes.org.br\/?p=19160\" class=\"more-link\">Continue lendo <span class=\"screen-reader-text\">Padr\u00e3o japon\u00eas para parab\u00f3licas divide radiodifusores; Globo \u00e9 contra<\/span> <span class=\"meta-nav\">&rarr;<\/span><\/a><\/p>\n","protected":false},"author":1,"featured_media":0,"comment_status":"open","ping_status":"open","sticky":false,"template":"","format":"standard","meta":{"footnotes":""},"categories":[40],"tags":[79],"_links":{"self":[{"href":"https:\/\/obscom.intervozes.org.br\/index.php?rest_route=\/wp\/v2\/posts\/19160"}],"collection":[{"href":"https:\/\/obscom.intervozes.org.br\/index.php?rest_route=\/wp\/v2\/posts"}],"about":[{"href":"https:\/\/obscom.intervozes.org.br\/index.php?rest_route=\/wp\/v2\/types\/post"}],"author":[{"embeddable":true,"href":"https:\/\/obscom.intervozes.org.br\/index.php?rest_route=\/wp\/v2\/users\/1"}],"replies":[{"embeddable":true,"href":"https:\/\/obscom.intervozes.org.br\/index.php?rest_route=%2Fwp%2Fv2%2Fcomments&post=19160"}],"version-history":[{"count":0,"href":"https:\/\/obscom.intervozes.org.br\/index.php?rest_route=\/wp\/v2\/posts\/19160\/revisions"}],"wp:attachment":[{"href":"https:\/\/obscom.intervozes.org.br\/index.php?rest_route=%2Fwp%2Fv2%2Fmedia&parent=19160"}],"wp:term":[{"taxonomy":"category","embeddable":true,"href":"https:\/\/obscom.intervozes.org.br\/index.php?rest_route=%2Fwp%2Fv2%2Fcategories&post=19160"},{"taxonomy":"post_tag","embeddable":true,"href":"https:\/\/obscom.intervozes.org.br\/index.php?rest_route=%2Fwp%2Fv2%2Ftags&post=19160"}],"curies":[{"name":"wp","href":"https:\/\/api.w.org\/{rel}","templated":true}]}}