{"id":19159,"date":"2007-09-06T12:34:59","date_gmt":"2007-09-06T12:34:59","guid":{"rendered":"https:\/\/obscom.intervozes.org.br\/wordpress\/?p=19159"},"modified":"2007-09-06T12:34:59","modified_gmt":"2007-09-06T12:34:59","slug":"belluzzo-do-pps-diz-que-aceita-indicacao-para-presidir-conselho-da-tv-publica","status":"publish","type":"post","link":"https:\/\/obscom.intervozes.org.br\/?p=19159","title":{"rendered":"Belluzzo, do PPS, diz que aceita indica\u00e7\u00e3o para presidir conselho da TV p\u00fablica"},"content":{"rendered":"<p>Segundo o jornal Folha de S&atilde;o Paulo,&nbsp;o economista Luiz Gonzaga Belluzzo, em conversa ontem com presidente Luiz In&aacute;cio Lula da Silva, aceitou sua indica&ccedil;&atilde;o para a presid&ecirc;ncia do conselho curador da rede p&uacute;blica de TV que o governo lan&ccedil;ar&aacute; em dezembro. Segundo o jornal, Beluzzo&nbsp;deve convidar personalidades da &aacute;rea da cultura como o documentarista Eduardo Coutinho, o cantor de rap MV Bill e a escritora N&eacute;lida Pi&ntilde;on para integrar a equipe.<\/p>\n<p>As boas rela&ccedil;&otilde;es de Belluzzo com setores do PSDB e com os defensores do pensamento econ&ocirc;mico chamado de &quot;desenvolvimentista&quot; contaram a favor do convite de Lula. Ainda de acordo com o Jornal, Lula acha positiva a amizade de Belluzzo com o governador de S&atilde;o Paulo, o tucano Jos&eacute; Serra. Na vis&atilde;o de presidente, essa rela&ccedil;&atilde;o ajudaria a tirar da TV o carimbo de &quot;rede do PT&quot;, cr&iacute;tica freq&uuml;ente da oposi&ccedil;&atilde;o e da setores da m&iacute;dia ao projeto. Belluzzo presidir&aacute; o conselho curador que dar&aacute; diretrizes da TV a uma diretoria-executiva. Belluzzo &eacute; consultor editorial da revista &quot;Carta Capital&quot;, que tem uma linha editorial vista com simpatia por Lula e seus ministros. Ele tamb&eacute;m &eacute; colunista do jornal &quot;Valor Econ&ocirc;mico&quot; e da Folha, onde escreve a cada quatro semanas.<\/p>\n<p>Filiado ao PPS, partido que hoje faz oposi&ccedil;&atilde;o a Lula, Belluzzo sempre foi um cr&iacute;tico da pol&iacute;tica econ&ocirc;mica do ex-ministro Antonio Palocci. Era ouvido por Lula no primeiro mandato, mas aumentou sua influ&ecirc;ncia com a entrada de Guido Mantega no Minist&eacute;rio da Fazenda, em 2006.<\/p>\n<p>Belluzzo apoiou Serra na disputa pela candidatura presidencial do PSDB contra o ent&atilde;o governador de S&atilde;o Paulo, Geraldo Alckmin. Chegou a assinar um manifesto a favor do projeto presidencial de Serra. Como Alckmin saiu vencedor na disputa tucana, Belluzzo deu apoio a Lula na elei&ccedil;&atilde;o presidencial e a Serra na disputa pelo governo paulista.<\/p>\n","protected":false},"excerpt":{"rendered":"<p>Segundo o jornal Folha de S&atilde;o Paulo,&nbsp;o economista Luiz Gonzaga Belluzzo, em conversa ontem com presidente Luiz In&aacute;cio Lula da Silva, aceitou sua indica&ccedil;&atilde;o para a presid&ecirc;ncia do conselho curador da rede p&uacute;blica de TV que o governo lan&ccedil;ar&aacute; em dezembro. Segundo o jornal, Beluzzo&nbsp;deve convidar personalidades da &aacute;rea da cultura como o documentarista Eduardo &hellip; <a href=\"https:\/\/obscom.intervozes.org.br\/?p=19159\" class=\"more-link\">Continue lendo <span class=\"screen-reader-text\">Belluzzo, do PPS, diz que aceita indica\u00e7\u00e3o para presidir conselho da TV p\u00fablica<\/span> <span class=\"meta-nav\">&rarr;<\/span><\/a><\/p>\n","protected":false},"author":1,"featured_media":0,"comment_status":"open","ping_status":"open","sticky":false,"template":"","format":"standard","meta":{"footnotes":""},"categories":[39],"tags":[],"_links":{"self":[{"href":"https:\/\/obscom.intervozes.org.br\/index.php?rest_route=\/wp\/v2\/posts\/19159"}],"collection":[{"href":"https:\/\/obscom.intervozes.org.br\/index.php?rest_route=\/wp\/v2\/posts"}],"about":[{"href":"https:\/\/obscom.intervozes.org.br\/index.php?rest_route=\/wp\/v2\/types\/post"}],"author":[{"embeddable":true,"href":"https:\/\/obscom.intervozes.org.br\/index.php?rest_route=\/wp\/v2\/users\/1"}],"replies":[{"embeddable":true,"href":"https:\/\/obscom.intervozes.org.br\/index.php?rest_route=%2Fwp%2Fv2%2Fcomments&post=19159"}],"version-history":[{"count":0,"href":"https:\/\/obscom.intervozes.org.br\/index.php?rest_route=\/wp\/v2\/posts\/19159\/revisions"}],"wp:attachment":[{"href":"https:\/\/obscom.intervozes.org.br\/index.php?rest_route=%2Fwp%2Fv2%2Fmedia&parent=19159"}],"wp:term":[{"taxonomy":"category","embeddable":true,"href":"https:\/\/obscom.intervozes.org.br\/index.php?rest_route=%2Fwp%2Fv2%2Fcategories&post=19159"},{"taxonomy":"post_tag","embeddable":true,"href":"https:\/\/obscom.intervozes.org.br\/index.php?rest_route=%2Fwp%2Fv2%2Ftags&post=19159"}],"curies":[{"name":"wp","href":"https:\/\/api.w.org\/{rel}","templated":true}]}}