{"id":19156,"date":"2007-09-06T12:05:38","date_gmt":"2007-09-06T12:05:38","guid":{"rendered":"https:\/\/obscom.intervozes.org.br\/wordpress\/?p=19156"},"modified":"2007-09-06T12:05:38","modified_gmt":"2007-09-06T12:05:38","slug":"abepec-faz-sugestoes-a-futura-rede-de-tv-publica","status":"publish","type":"post","link":"https:\/\/obscom.intervozes.org.br\/?p=19156","title":{"rendered":"Abepec faz sugest\u00f5es \u00e0 futura rede de TV p\u00fablica"},"content":{"rendered":"<p><span>A Abepec (Associa&ccedil;&atilde;o Brasileira de Emissoras P&uacute;blicas, Educativas e Culturais) entregou nesta quarta ao ministro da Comunica&ccedil;&atilde;o Social da Presid&ecirc;ncia da Rep&uacute;blica, Franklin Martins, uma carta aberta propondo princ&iacute;pios e fazendo sugest&otilde;es que possam nortear a cria&ccedil;&atilde;o de uma nova rede p&uacute;blica de televis&atilde;o. A entidade foi convidada a contribuir com o Comit&ecirc; Executivo da TV P&uacute;blica, grupo que estuda a cria&ccedil;&atilde;o da TV Brasil.<\/span> <br \/><span><br \/>Na carta, a associa&ccedil;&atilde;o destaca que a iniciativa do Governo Federal &quot;requer uma articula&ccedil;&atilde;o sistem&aacute;tica para maximizar as produ&ccedil;&otilde;es, selecionar os programas, ordenar a grade e divulgar as programa&ccedil;&otilde;es. Da mesma forma torna-se necess&aacute;ria uma gest&atilde;o de programa&ccedil;&atilde;o que possibilite uma proporcionalidade de produ&ccedil;&otilde;es, abrangendo todas as regi&otilde;es do pa&iacute;s&quot;. <\/p>\n<p>Para isto, prop&otilde;e a cria&ccedil;&atilde;o de um comit&ecirc; nacional de programa&ccedil;&atilde;o, &quot;capaz de fomentar a cria&ccedil;&atilde;o de conte&uacute;dos espec&iacute;ficos para a televis&atilde;o p&uacute;blica, estabelecer uma filosofia de grade para a rede p&uacute;blica, zelar pela observ&acirc;ncia da miss&atilde;o e dos princ&iacute;pios da televis&atilde;o p&uacute;blica em todas as produ&ccedil;&otilde;es pr&oacute;prias e de terceiros, harmonizar interesses regionais e nacionais, estimular a produ&ccedil;&atilde;o de programas espec&iacute;ficos para a rede, estabelecer uma pol&iacute;tica de faixas e de veicula&ccedil;&atilde;o simult&acirc;nea e prever as faixas de programa&ccedil;&atilde;o utilizadas para programa&ccedil;&otilde;es regionais, principalmente o tele-jornalismo local&quot;.<\/span> <\/p>\n<p style=\"margin: 0cm 0cm 0pt\" class=\"MsoNormal\"><span><br \/>Para que se mantenha uma identidade na rede, a Abepec recomenda a ado&ccedil;&atilde;o de faixas tem&aacute;ticas comuns em todas as grades de programa&ccedil;&atilde;o, que &quot;criar&atilde;o um esqueleto para a programa&ccedil;&atilde;o, sem engess&aacute;-las&quot;.<\/p>\n<p><\/span><span><strong>Acervo e produ&ccedil;&atilde;o independente<\/p>\n<p><\/strong><\/span><span>A associa&ccedil;&atilde;o diz ainda que a futura rede pode iniciar com o aproveitamento dos conte&uacute;dos relevantes das atuais &quot;fontes de produ&ccedil;&atilde;o&quot;, mas deve ter como um de seus focos o est&iacute;mulo ao crescimento da produ&ccedil;&atilde;o regional, pr&oacute;pria ou por meio de produtores independentes. &quot;S&oacute; a rede de televis&atilde;o p&uacute;blica no Brasil, tem condi&ccedil;&otilde;es de abrigar produ&ccedil;&otilde;es independentes em grande escala. Essa pol&iacute;tica, j&aacute; recomendada pelo F&oacute;rum Nacional, deve ser implantada radicalmente pela nova rede. Fundos, projetos e patroc&iacute;nios dever&atilde;o ser buscados para essa finalidade&quot;.<\/p>\n<p><\/span><span>Para a Abepec, pol&iacute;tica de incentivo &agrave; &quot;produ&ccedil;&atilde;o externa de conte&uacute;do&quot; pode ser feita a partir de projetos nacionais, &quot;a exemplo do DOC TV, com recursos financeiros p&uacute;blicos nacionais destinados a produ&ccedil;&otilde;es independentes, realizadas regionalmente com a supervis&atilde;o das televis&otilde;es locais&quot;.<\/p>\n<p><\/span><span><a href=\"http:\/\/www.telaviva.com.br\/arquivos\/carta_abepec.pdf\">A carta pode ser acessada&nbsp;clicando aqui<\/a>.&nbsp;&nbsp;<\/span><\/p>\n","protected":false},"excerpt":{"rendered":"<p>A Abepec (Associa&ccedil;&atilde;o Brasileira de Emissoras P&uacute;blicas, Educativas e Culturais) entregou nesta quarta ao ministro da Comunica&ccedil;&atilde;o Social da Presid&ecirc;ncia da Rep&uacute;blica, Franklin Martins, uma carta aberta propondo princ&iacute;pios e fazendo sugest&otilde;es que possam nortear a cria&ccedil;&atilde;o de uma nova rede p&uacute;blica de televis&atilde;o. A entidade foi convidada a contribuir com o Comit&ecirc; Executivo da &hellip; <a href=\"https:\/\/obscom.intervozes.org.br\/?p=19156\" class=\"more-link\">Continue lendo <span class=\"screen-reader-text\">Abepec faz sugest\u00f5es \u00e0 futura rede de TV p\u00fablica<\/span> <span class=\"meta-nav\">&rarr;<\/span><\/a><\/p>\n","protected":false},"author":1,"featured_media":0,"comment_status":"open","ping_status":"open","sticky":false,"template":"","format":"standard","meta":{"footnotes":""},"categories":[40],"tags":[380],"_links":{"self":[{"href":"https:\/\/obscom.intervozes.org.br\/index.php?rest_route=\/wp\/v2\/posts\/19156"}],"collection":[{"href":"https:\/\/obscom.intervozes.org.br\/index.php?rest_route=\/wp\/v2\/posts"}],"about":[{"href":"https:\/\/obscom.intervozes.org.br\/index.php?rest_route=\/wp\/v2\/types\/post"}],"author":[{"embeddable":true,"href":"https:\/\/obscom.intervozes.org.br\/index.php?rest_route=\/wp\/v2\/users\/1"}],"replies":[{"embeddable":true,"href":"https:\/\/obscom.intervozes.org.br\/index.php?rest_route=%2Fwp%2Fv2%2Fcomments&post=19156"}],"version-history":[{"count":0,"href":"https:\/\/obscom.intervozes.org.br\/index.php?rest_route=\/wp\/v2\/posts\/19156\/revisions"}],"wp:attachment":[{"href":"https:\/\/obscom.intervozes.org.br\/index.php?rest_route=%2Fwp%2Fv2%2Fmedia&parent=19156"}],"wp:term":[{"taxonomy":"category","embeddable":true,"href":"https:\/\/obscom.intervozes.org.br\/index.php?rest_route=%2Fwp%2Fv2%2Fcategories&post=19156"},{"taxonomy":"post_tag","embeddable":true,"href":"https:\/\/obscom.intervozes.org.br\/index.php?rest_route=%2Fwp%2Fv2%2Ftags&post=19156"}],"curies":[{"name":"wp","href":"https:\/\/api.w.org\/{rel}","templated":true}]}}